{"id":590421,"date":"2025-12-10T10:03:12","date_gmt":"2025-12-10T10:03:12","guid":{"rendered":"https:\/\/www.europesays.com\/fr\/590421\/"},"modified":"2025-12-10T10:03:12","modified_gmt":"2025-12-10T10:03:12","slug":"paris-dans-le-top-10-des-villes-touristiques-les-plus-sales-au-monde","status":"publish","type":"post","link":"https:\/\/www.europesays.com\/fr\/590421\/","title":{"rendered":"Paris dans le top 10 des villes touristiques les plus sales au monde"},"content":{"rendered":"<p class=\"mb-4 text-lg md:leading-8 break-words\">Si <strong>Paris<\/strong> est consid\u00e9r\u00e9e &#8211; \u00e0 juste titre &#8211; par de nombreux locaux et touristes comme la plus belle ville du monde, sa r\u00e9putation est entach\u00e9e d\u2019un d\u00e9faut embarrassant. En effet, Paris est souvent jug\u00e9e sale par ceux qui y habitent et qui la visitent. Un r\u00e9cent rapport publi\u00e9 le 27 novembre par l\u2019entreprise am\u00e9ricaine <a data-i13n=\"cpos:1;pos:1\" href=\"https:\/\/radicalstorage.com\/travel\/cleanest-dirtiest-cities\/\" rel=\"nofollow noopener\" target=\"_blank\" data-ylk=\"slk:Radical Storage;cpos:1;pos:1;elm:context_link;itc:0;sec:content-canvas\" class=\"link \">Radical Storage <\/a>place la capitale fran\u00e7aise \u00e0 la cinqui\u00e8me place des villes touristiques les moins propres du monde. Pour \u00e9tablir ce classement, Radical Storage a pass\u00e9 au crible les commentaires Google des principaux sites touristiques pour y recenser les mentions de \u00ab\u00a0propret\u00e9\u00a0\u00bb et de \u00ab\u00a0salet\u00e9\u00a0\u00bb. Avec 28,2 % d\u2019avis n\u00e9gatifs, la Ville Lumi\u00e8re occupe la cinqui\u00e8me place.<\/p>\n<p class=\"mb-4 text-lg md:leading-8 break-words\">M\u00e9contente, la mairie de Paris a regrett\u00e9 la \u00ab\u00a0m\u00e9thodologie\u00a0\u00bb employ\u00e9e par la soci\u00e9t\u00e9 am\u00e9ricaine pour \u00e9tablir son classement. \u00ab\u00a0Ce classement n\u2019a pas de sens, assure aupr\u00e8s du<a data-i13n=\"cpos:2;pos:1\" href=\"https:\/\/www.leparisien.fr\/paris-75\/il-y-a-un-sentiment-de-crasse-generale-paris-classee-5e-ville-touristique-la-plus-sale-au-monde-04-12-2025-ZZGLLVHPNRGDPJYYZHWHFYQIR4.php\" rel=\"nofollow noopener\" target=\"_blank\" data-ylk=\"slk:Parisien;cpos:2;pos:1;elm:context_link;itc:0;sec:content-canvas\" class=\"link \"> Parisien <\/a>Antoine Guillou, adjoint \u00e0 la maire de Paris en charge de propret\u00e9. Il \u00e9tudie les commentaires Google des principaux sites touristiques. Or, il y a une diversit\u00e9 de modes de gestion pour l\u2019entretien des abords ces lieux. Par exemple, la tour Eiffel est de la responsabilit\u00e9 de la ville tandis que le Louvre est du ressort de l\u2019\u00c9tat\u00a0\u00bb.<\/p>\n<p><strong>8 villes europ\u00e9ennes dans le top 10<\/strong><\/p>\n<p class=\"mb-4 text-lg md:leading-8 break-words\">Au palmar\u00e8s des villes touristiques les plus sales de la plan\u00e8te, <strong>Budapest<\/strong> d\u00e9croche la palme. La capitale hongroise obtient 37.9% d\u2019avis n\u00e9gatifs, plus que tout autre ville. <strong>Rome<\/strong> est class\u00e9e deuxi\u00e8me avec 35,7 % des avis signalant des probl\u00e8mes de salet\u00e9, <strong>Las Vegas<\/strong> prend la m\u00e9daille de bronze de la salet\u00e9 : 31 % des internautes \u00e9voquent un probl\u00e8me de propret\u00e9. Outre Rome, trois autres villes italiennes figurent dans ce top 10 peu glorieux (<strong>Florence<\/strong> 4e, <strong>Milan <\/strong>6e et<strong> V\u00e9rone<\/strong> 7e). <strong>Francfort<\/strong>, <strong>Bruxelles<\/strong> et <strong>Le Caire <\/strong>s\u2019int\u00e9gr\u00e8rent aussi dans le top 10.<\/p>\n<p><strong>Cracovie, la moins sale<\/strong><\/p>\n<p class=\"mb-4 text-lg md:leading-8 break-words\">\u00c0 l\u2019autre bout du spectre, le titre de la ville touristique la plus propre revient \u00e0 Cracovie. La cit\u00e9 polonaise obtient 98.5% d\u2019avis positifs sur sa gestion des d\u00e9chets ! En jetant un oeil aux villes arriv\u00e9es en t\u00eate, on remarque une domination nette des villes d\u2019Europe de l\u2019Est (Cracovie, Varsovie, Prague) et celles du Golfe Persique (Charjah, Doha, Riyad, Mascate, Duba\u00ef).<\/p>\n","protected":false},"excerpt":{"rendered":"Si Paris est consid\u00e9r\u00e9e &#8211; \u00e0 juste titre &#8211; par de nombreux locaux et touristes comme la plus&hellip;\n","protected":false},"author":2,"featured_media":590422,"comment_status":"","ping_status":"","sticky":false,"template":"","format":"standard","meta":{"footnotes":""},"categories":[1888],"tags":[1111,1928,11,1927,1777,674,1011,27,70364,5962,12258,2381,12,1926,626,1925,25,37091,70363],"class_list":{"0":"post-590421","1":"post","2":"type-post","3":"status-publish","4":"format-standard","5":"has-post-thumbnail","7":"category-paris","8":"tag-actu","9":"tag-actu-paris","10":"tag-actualites","11":"tag-actualites-paris","12":"tag-eu","13":"tag-europe","14":"tag-fr","15":"tag-france","16":"tag-gestion-des-dechets","17":"tag-getty-images","18":"tag-maire-de-paris","19":"tag-mairie-de-paris","20":"tag-news","21":"tag-news-paris","22":"tag-paris","23":"tag-paris-news","24":"tag-republique-francaise","25":"tag-villes-europeennes","26":"tag-villes-touristiques"},"share_on_mastodon":{"url":"https:\/\/pubeurope.com\/@fr\/115694705395014220","error":""},"_links":{"self":[{"href":"https:\/\/www.europesays.com\/fr\/wp-json\/wp\/v2\/posts\/590421","targetHints":{"allow":["GET"]}}],"collection":[{"href":"https:\/\/www.europesays.com\/fr\/wp-json\/wp\/v2\/posts"}],"about":[{"href":"https:\/\/www.europesays.com\/fr\/wp-json\/wp\/v2\/types\/post"}],"author":[{"embeddable":true,"href":"https:\/\/www.europesays.com\/fr\/wp-json\/wp\/v2\/users\/2"}],"replies":[{"embeddable":true,"href":"https:\/\/www.europesays.com\/fr\/wp-json\/wp\/v2\/comments?post=590421"}],"version-history":[{"count":0,"href":"https:\/\/www.europesays.com\/fr\/wp-json\/wp\/v2\/posts\/590421\/revisions"}],"wp:featuredmedia":[{"embeddable":true,"href":"https:\/\/www.europesays.com\/fr\/wp-json\/wp\/v2\/media\/590422"}],"wp:attachment":[{"href":"https:\/\/www.europesays.com\/fr\/wp-json\/wp\/v2\/media?parent=590421"}],"wp:term":[{"taxonomy":"category","embeddable":true,"href":"https:\/\/www.europesays.com\/fr\/wp-json\/wp\/v2\/categories?post=590421"},{"taxonomy":"post_tag","embeddable":true,"href":"https:\/\/www.europesays.com\/fr\/wp-json\/wp\/v2\/tags?post=590421"}],"curies":[{"name":"wp","href":"https:\/\/api.w.org\/{rel}","templated":true}]}}