{"id":590425,"date":"2025-12-10T10:05:14","date_gmt":"2025-12-10T10:05:14","guid":{"rendered":"https:\/\/www.europesays.com\/fr\/590425\/"},"modified":"2025-12-10T10:05:14","modified_gmt":"2025-12-10T10:05:14","slug":"les-hives-en-concert-dans-un-lieu-insolite-a-paris","status":"publish","type":"post","link":"https:\/\/www.europesays.com\/fr\/590425\/","title":{"rendered":"Les Hives en concert dans un lieu insolite \u00e0 Paris"},"content":{"rendered":"\n<p>Les Hives sont vraiment des diablotins. Pas question de laisser du terrain \u00e0 leurs compatriotes de Ghost dans ce domaine.<\/p>\n<p>Pour c\u00e9l\u00e9brer officiellement leurs fun\u00e9railles, ils ont investi <strong>une chapelle parisienne<\/strong> afin d\u2019y donner un (ultime\u00a0?) concert.<\/p>\n<p>Musicalement, rien \u00e0 redire, le groupe est \u00e0 son prime, en forme comme jamais. Visuellement, c\u2019est tr\u00e8s impressionnant. D\u00e9nu\u00e9 d\u2019effets spectaculaires, les <strong>Hives<\/strong> parviennent cependant \u00e0 adapter la moindre parcelle de ce lieu atypique \u00e0 leur sc\u00e9nographie.<\/p>\n<p><strong>The Hives\u00a0: Resurrection\u00a0<\/strong>est donc \u00e0 voir sans attendre sur Arte Concert. Ne vous faites pas prier.<\/p>\n<p>Pour rappel, The Hives seront en <strong>concert en France en 2026 <\/strong>:<\/p>\n<p>\u2022 le 21 juin, au Hellfest \u00e0 Clisson<\/p>\n<p>\u2022 Le 3 juilllet, au Beauregard Festival \u00e0 Herouville St Clair<\/p>\n<p>\u2022 le 5 juillet, aux Eurock\u00e9ennes de Belfort<\/p>\n","protected":false},"excerpt":{"rendered":"Les Hives sont vraiment des diablotins. Pas question de laisser du terrain \u00e0 leurs compatriotes de Ghost dans&hellip;\n","protected":false},"author":2,"featured_media":590426,"comment_status":"","ping_status":"","sticky":false,"template":"","format":"standard","meta":{"footnotes":""},"categories":[1888],"tags":[11,70372,70380,70368,70366,1777,70374,674,70375,1011,27,70376,66326,70378,12,626,25,70379,70371,70377,70365,70373,70369,70367,70370],"class_list":{"0":"post-590425","1":"post","2":"type-post","3":"status-publish","4":"format-standard","5":"has-post-thumbnail","7":"category-paris","8":"tag-actualites","9":"tag-concert-atypique","10":"tag-concert-evenement-paris","11":"tag-concert-insolite-paris","12":"tag-concert-the-hives-paris","13":"tag-eu","14":"tag-eurockeennes-2026","15":"tag-europe","16":"tag-festival-beauregard-2026","17":"tag-fr","18":"tag-france","19":"tag-ghost-vs-the-hives","20":"tag-hellfest-2026","21":"tag-live-the-hives","22":"tag-news","23":"tag-paris","24":"tag-republique-francaise","25":"tag-rock-garage","26":"tag-rock-suedois","27":"tag-scene-rock-internationale","28":"tag-the-hives","29":"tag-the-hives-2026-france","30":"tag-the-hives-arte-concert","31":"tag-the-hives-chapelle","32":"tag-the-hives-resurrection"},"share_on_mastodon":{"url":"https:\/\/pubeurope.com\/@fr\/115694713184808602","error":""},"_links":{"self":[{"href":"https:\/\/www.europesays.com\/fr\/wp-json\/wp\/v2\/posts\/590425","targetHints":{"allow":["GET"]}}],"collection":[{"href":"https:\/\/www.europesays.com\/fr\/wp-json\/wp\/v2\/posts"}],"about":[{"href":"https:\/\/www.europesays.com\/fr\/wp-json\/wp\/v2\/types\/post"}],"author":[{"embeddable":true,"href":"https:\/\/www.europesays.com\/fr\/wp-json\/wp\/v2\/users\/2"}],"replies":[{"embeddable":true,"href":"https:\/\/www.europesays.com\/fr\/wp-json\/wp\/v2\/comments?post=590425"}],"version-history":[{"count":0,"href":"https:\/\/www.europesays.com\/fr\/wp-json\/wp\/v2\/posts\/590425\/revisions"}],"wp:featuredmedia":[{"embeddable":true,"href":"https:\/\/www.europesays.com\/fr\/wp-json\/wp\/v2\/media\/590426"}],"wp:attachment":[{"href":"https:\/\/www.europesays.com\/fr\/wp-json\/wp\/v2\/media?parent=590425"}],"wp:term":[{"taxonomy":"category","embeddable":true,"href":"https:\/\/www.europesays.com\/fr\/wp-json\/wp\/v2\/categories?post=590425"},{"taxonomy":"post_tag","embeddable":true,"href":"https:\/\/www.europesays.com\/fr\/wp-json\/wp\/v2\/tags?post=590425"}],"curies":[{"name":"wp","href":"https:\/\/api.w.org\/{rel}","templated":true}]}}