{"id":590429,"date":"2025-12-10T10:07:17","date_gmt":"2025-12-10T10:07:17","guid":{"rendered":"https:\/\/www.europesays.com\/fr\/590429\/"},"modified":"2025-12-10T10:07:17","modified_gmt":"2025-12-10T10:07:17","slug":"zelensky-se-dit-pret-a-organiser-une-presidentielle-en-ukraine-si-les-conditions-de-securite-sont-reunies","status":"publish","type":"post","link":"https:\/\/www.europesays.com\/fr\/590429\/","title":{"rendered":"Zelensky se dit \u00abpr\u00eat\u00bb \u00e0 organiser une pr\u00e9sidentielle en Ukraine si les conditions de s\u00e9curit\u00e9 sont r\u00e9unies"},"content":{"rendered":"<p>\n    Le pr\u00e9sident ukrainien r\u00e9pond ainsi aux critiques de Donald Trump, alors que Kiev examine des amendements \u00e0 la loi martiale et pr\u00e9pare une nouvelle version du projet de paix discut\u00e9 avec Washington et l\u2019Europe.<\/p>\n<p class=\"fig-paragraph\"><a href=\"http:\/\/www.lefigaro.fr\/international\/de-passage-a-rome-volodymyr-zelensky-vient-chercher-l-aide-d-une-indefectible-alliee-de-donald-trump-20251209\" data-fig-type=\"Article\" data-gtm-custom-categorie=\"navigation\" data-gtm-custom-action=\"crossclick\" data-gtm-custom-label=\"Contextuel\" data-gtm-event=\"customEventSPE\" data-fig-domain=\"LEFIGARO\" target=\"_blank\" rel=\"noopener\">Volodymyr Zelensky<\/a>\u00a0a assur\u00e9 mardi \u00eatre \u00abpr\u00eat\u00bb \u00e0 organiser une<a href=\"http:\/\/www.lefigaro.fr\/elections-americaines\/presidentielle-americaine-la-crise-morale-de-l-amerique-l-isolationnisme-et-la-guerre-en-ukraine-20241104\" data-fig-type=\"Article\" data-gtm-custom-categorie=\"navigation\" data-gtm-custom-action=\"crossclick\" data-gtm-custom-label=\"Contextuel\" data-gtm-event=\"customEventSPE\" data-fig-domain=\"LEFIGARO\" target=\"_blank\" rel=\"noopener\">\u00a0\u00e9lection pr\u00e9sidentielle en Ukraine<\/a>\u00a0mais demande \u00e0 ses alli\u00e9s de garantir la s\u00e9curit\u00e9 de son d\u00e9roulement dans un pays qui fait face depuis bient\u00f4t quatre ans \u00e0 une invasion russe.<\/p>\n<p class=\"fig-paragraph\">\u00abJe suis pr\u00eat pour des \u00e9lections\u00bb, a affirm\u00e9 le chef de l&rsquo;\u00c9tat ukrainien aux journalistes, r\u00e9pondant \u00e0 la critique de\u00a0<a href=\"http:\/\/www.lefigaro.fr\/international\/a-moscou-les-envoyes-de-donald-trump-defendent-son-plan-de-paix-pour-l-ukraine-devant-vladimir-poutine-20251202\" data-fig-type=\"Article\" data-gtm-custom-categorie=\"navigation\" data-gtm-custom-action=\"crossclick\" data-gtm-custom-label=\"Contextuel\" data-gtm-event=\"customEventSPE\" data-fig-domain=\"LEFIGARO\" target=\"_blank\" rel=\"noopener\">Donald Trump\u00a0<\/a>sur l&rsquo;absence de nouveaux scrutins en Ukraine.<\/p>\n<p>                                            <a class=\"fig-a11y-skip\" href=\"#fig-a11y-skip-main-inarticle\" data-module=\"a11y-skip\" data-context=\"was @visible\"><br \/>\n    Passer la publicit\u00e9<br \/>\n<\/a>            <\/p>\n<p class=\"fig-paragraph\">Le pr\u00e9sident am\u00e9ricain a estim\u00e9 mardi dans un entretien avec le site internet Politico que l&rsquo;Ukraine, qui \u00aba perdu beaucoup de territoires\u00bb, devrait organiser des \u00e9lections, accusant Kiev d&rsquo;\u00abutiliser la guerre\u00bb pour s&rsquo;en abstenir. \u00abJe demande maintenant, je le d\u00e9clare ouvertement, aux \u00c9tats-Unis de m&rsquo;aider, \u00e9ventuellement avec les coll\u00e8gues europ\u00e9ens, \u00e0 garantir la s\u00e9curit\u00e9 pour la tenue d&rsquo;\u00e9lections\u00bb, a dit Zelensky.<\/p>\n<p>                                            \u00ab La Russie aura forc\u00e9ment une forme d\u2019ing\u00e9rence\u00a0\u00bb<\/p>\n<p class=\"fig-paragraph\">La loi martiale, en vigueur depuis le d\u00e9clenchement en f\u00e9vrier 2022 d&rsquo;une vaste\u00a0<a href=\"http:\/\/www.lefigaro.fr\/international\/l-ukraine-relance-des-contre-attaques-tout-le-long-de-la-ligne-de-front-pour-freiner-l-offensive-russe-20250209\" data-fig-type=\"NewsFlash\" data-gtm-custom-categorie=\"navigation\" data-gtm-custom-action=\"crossclick\" data-gtm-custom-label=\"Contextuel\" data-gtm-event=\"customEventSPE\" data-fig-domain=\"LEFIGARO\" target=\"_blank\" rel=\"noopener\">offensive russe contre l&rsquo;Ukraine<\/a>, interdit l&rsquo;organisation de scrutins dans de telles circonstances. L&rsquo;Ukraine fait face \u00e0 des bombardements russes quasi-quotidiens qui touchent l&rsquo;ensemble de son territoire et des centaines de milliers d&rsquo;Ukrainiens combattent sur le front.<\/p>\n<p class=\"fig-paragraph\">Zelensky a dit qu&rsquo;il demandait aux d\u00e9put\u00e9s de pr\u00e9parer \u00abdes propositions sur la possibilit\u00e9 d&rsquo;amender (&#8230;) la l\u00e9gislation sur les \u00e9lections sous (le r\u00e9gime de la) loi martiale\u00bb. \u00abC&rsquo;est un comportement courageux, d\u00e9mocratique et de r\u00e9sistance \u00e0 la guerre\u00bb, a r\u00e9agi la ministre fran\u00e7aise d\u00e9l\u00e9gu\u00e9e aux Arm\u00e9es, Alice Rufo. \u00abQuand il dit que c&rsquo;est compliqu\u00e9 d&rsquo;organiser des \u00e9lections en p\u00e9riode de guerre et qu&rsquo;il faut regarder la compatibilit\u00e9 avec la loi martiale, c&rsquo;est juste\u00bb, a-t-elle comment\u00e9 sur la cha\u00eene de t\u00e9l\u00e9vision fran\u00e7aise LCI.<\/p>\n<p class=\"fig-paragraph\">\u00abOn sait tr\u00e8s bien que la\u00a0<a href=\"http:\/\/www.lefigaro.fr\/flash-actu\/le-royaume-uni-sanctionne-des-entites-impliquees-dans-la-manipulation-de-l-information-par-la-russie-20251209\" data-fig-type=\"NewsFlash\" data-gtm-custom-categorie=\"navigation\" data-gtm-custom-action=\"crossclick\" data-gtm-custom-label=\"Contextuel\" data-gtm-event=\"customEventSPE\" data-fig-domain=\"LEFIGARO\" target=\"_blank\" rel=\"noopener\">Russie\u00a0<\/a> aura forc\u00e9ment une forme d&rsquo;ing\u00e9rence sur ces \u00e9lections. Il a \u00e0 la fois raison de rappeler que son pays est une d\u00e9mocratie et qu&rsquo;il est pr\u00eat \u00e0 beaucoup pour servir son pays. Il a aussi une (bonne) raison de demander que la s\u00e9curit\u00e9 de ces \u00e9lections soit garantie\u00bb, a-t-elle ajout\u00e9.<\/p>\n<p>                                            Vers un projet de paix mis \u00e0 jour ce mercredi<\/p>\n<p class=\"fig-paragraph\">Le pr\u00e9sident ukrainien a par ailleurs confirm\u00e9 que la proposition am\u00e9ricaine initiale en vue d&rsquo;une sortie du conflit a \u00e9t\u00e9 divis\u00e9e en trois documents\u00a0: un accord-cadre en 20 points, un document sur la question des garanties de s\u00e9curit\u00e9 et un autre sur la reconstruction de l&rsquo;Ukraine apr\u00e8s la guerre.<\/p>\n<p>                                            <a class=\"fig-a11y-skip\" href=\"#fig-a11y-skip-main-inarticle_mtf\" data-module=\"a11y-skip\" data-context=\"was @visible\"><br \/>\n    Passer la publicit\u00e9<br \/>\n<\/a>            <\/p>\n<p class=\"fig-paragraph\">\u00abIl y en a trois, c&rsquo;est vrai. Nous en discutons avec les Am\u00e9ricains et avons d\u00e9j\u00e0 commenc\u00e9 les discussions avec les Europ\u00e9ens\u00bb, a dit Zelensky, soulignant qu&rsquo;il esp\u00e9rait remettre mercredi aux \u00c9tats-Unis une version mise \u00e0 jour. Il a \u00e9galement reconnu que la possibilit\u00e9 pour l&rsquo;Ukraine d&rsquo;adh\u00e9rer \u00e0 l&rsquo;Otan s&rsquo;\u00e9loignait.<\/p>\n<p class=\"fig-paragraph\">\u00abNous sommes r\u00e9alistes, nous voulons vraiment \u00eatre dans l&rsquo;Otan. D&rsquo;apr\u00e8s moi, ce serait juste. Mais nous savons avec certitude que ni les \u00c9tats-Unis, ni quelques autres pays, pour \u00eatre honn\u00eate, ne voient l&rsquo;Ukraine dans l&rsquo;Otan \u00e0 l&rsquo;heure actuelle\u00bb, a d\u00e9clar\u00e9 Volodymyr Zelensky aux journalistes.<\/p>\n","protected":false},"excerpt":{"rendered":"Le pr\u00e9sident ukrainien r\u00e9pond ainsi aux critiques de Donald Trump, alors que Kiev examine des amendements \u00e0 la&hellip;\n","protected":false},"author":2,"featured_media":590430,"comment_status":"","ping_status":"","sticky":false,"template":"","format":"standard","meta":{"footnotes":""},"categories":[1590],"tags":[11,11035,1777,674,12,220,134],"class_list":{"0":"post-590429","1":"post","2":"type-post","3":"status-publish","4":"format-standard","5":"has-post-thumbnail","7":"category-ukraine","8":"tag-actualites","9":"tag-election","10":"tag-eu","11":"tag-europe","12":"tag-news","13":"tag-ukraine","14":"tag-volodymyr-zelensky"},"share_on_mastodon":{"url":"https:\/\/pubeurope.com\/@fr\/115694721114350938","error":""},"_links":{"self":[{"href":"https:\/\/www.europesays.com\/fr\/wp-json\/wp\/v2\/posts\/590429","targetHints":{"allow":["GET"]}}],"collection":[{"href":"https:\/\/www.europesays.com\/fr\/wp-json\/wp\/v2\/posts"}],"about":[{"href":"https:\/\/www.europesays.com\/fr\/wp-json\/wp\/v2\/types\/post"}],"author":[{"embeddable":true,"href":"https:\/\/www.europesays.com\/fr\/wp-json\/wp\/v2\/users\/2"}],"replies":[{"embeddable":true,"href":"https:\/\/www.europesays.com\/fr\/wp-json\/wp\/v2\/comments?post=590429"}],"version-history":[{"count":0,"href":"https:\/\/www.europesays.com\/fr\/wp-json\/wp\/v2\/posts\/590429\/revisions"}],"wp:featuredmedia":[{"embeddable":true,"href":"https:\/\/www.europesays.com\/fr\/wp-json\/wp\/v2\/media\/590430"}],"wp:attachment":[{"href":"https:\/\/www.europesays.com\/fr\/wp-json\/wp\/v2\/media?parent=590429"}],"wp:term":[{"taxonomy":"category","embeddable":true,"href":"https:\/\/www.europesays.com\/fr\/wp-json\/wp\/v2\/categories?post=590429"},{"taxonomy":"post_tag","embeddable":true,"href":"https:\/\/www.europesays.com\/fr\/wp-json\/wp\/v2\/tags?post=590429"}],"curies":[{"name":"wp","href":"https:\/\/api.w.org\/{rel}","templated":true}]}}