{"id":590435,"date":"2025-12-10T10:10:14","date_gmt":"2025-12-10T10:10:14","guid":{"rendered":"https:\/\/www.europesays.com\/fr\/590435\/"},"modified":"2025-12-10T10:10:14","modified_gmt":"2025-12-10T10:10:14","slug":"un-hotel-harry-potter-bientot-en-europe-une-surprise-venue-dallemagne","status":"publish","type":"post","link":"https:\/\/www.europesays.com\/fr\/590435\/","title":{"rendered":"Un h\u00f4tel Harry Potter bient\u00f4t en Europe : une surprise venue d\u2019Allemagne"},"content":{"rendered":"<p>\n    L\u2019annonce a bouscul\u00e9 les attentes des passionn\u00e9s de parcs \u00e0 th\u00e8mes. Le site choisi, en pleine \u00e9volution, pr\u00e9pare une exp\u00e9rience qui devrait attirer un large public.<\/p>\n<p class=\"fig-paragraph\">L\u2019univers des parcs europ\u00e9ens n\u2019avait pas vu venir cette annonce. Depuis des mois, les regards se tournaient vers le futur parc Universal au Royaume-Uni, o\u00f9 nombre de Potterheads (les vrais fans) esp\u00e9raient l\u2019arriv\u00e9e d\u2019un nouvel espace consacr\u00e9 au jeune sorcier. C\u2019est finalement en Allemagne que s\u2019\u00e9crit le prochain chapitre\u00a0: Merlin Entertainments et Warner Bros Discovery Global Experiences viennent de confirmer le d\u00e9veloppement d\u2019un projet d\u2019envergure au sein de LEGOLAND Deutschland, en Bavi\u00e8re.<\/p>\n<p class=\"fig-paragraph\">Le parc situ\u00e9 \u00e0 G\u00fcnzburg, entre\u00a0<a href=\"http:\/\/www.lefigaro.fr\/voyages\/guides\/oktoberfest-oubliez-munich-et-mettez-plutot-le-cap-sur-cette-ville-allemande-20240926\" data-fig-type=\"Article\" data-gtm-custom-categorie=\"navigation\" data-gtm-custom-action=\"crossclick\" data-gtm-custom-label=\"Contextuel\" data-gtm-event=\"customEventSPE\" data-fig-domain=\"LEFIGARO\" target=\"_blank\" rel=\"noopener\">Stuttgart<\/a>\u00a0et\u00a0<a href=\"http:\/\/www.lefigaro.fr\/voyages\/inspiration\/a-munich-nos-35-adresses-preferees-pour-decouvrir-la-capitale-de-la-baviere-autrement-20250731\" data-fig-type=\"Article\" data-gtm-custom-categorie=\"navigation\" data-gtm-custom-action=\"crossclick\" data-gtm-custom-label=\"Contextuel\" data-gtm-event=\"customEventSPE\" data-fig-domain=\"LEFIGARO\" target=\"_blank\" rel=\"noopener\">Munich<\/a>, accueillera une zone th\u00e9matique enti\u00e8rement revisit\u00e9e dans l\u2019esth\u00e9tique LEGO, inspir\u00e9e de l\u2019univers cr\u00e9\u00e9 par J.K. Rowling. Un choix audacieux qui intervient alors que le monde magique conna\u00eet un regain d\u2019attention avec la nouvelle s\u00e9rie Harry Potter (actuellement en tournage pour la plateforme HBO Max) destin\u00e9e \u00e0 revisiter, saison apr\u00e8s saison, l\u2019int\u00e9gralit\u00e9 de la saga. Une co\u00efncidence de calendrier qui ne devrait qu\u2019amplifier la curiosit\u00e9 du public.<\/p>\n<p class=\"fig-body-link\">\n            \u00c0 lire aussi<br \/>\n        <a class=\"fig-body-link__link\" href=\"http:\/\/www.lefigaro.fr\/voyages\/apres-londres-et-tokyo-un-harry-potter-studio-tour-ouvrira-en-chine-en-2027-20250213\" data-fig-type=\"NewsFlash\" data-gtm-custom-categorie=\"navigation\" data-gtm-custom-action=\"crossclick\" data-gtm-custom-label=\"Contextuel\" data-gtm-event=\"customEventSPE\" data-fig-domain=\"LEFIGARO\" target=\"_blank\" rel=\"noopener\"><\/p>\n<p>        Apr\u00e8s Londres et Tokyo, un \u00abHarry Potter Studio Tour\u00bb ouvrira en Chine en 2027<br \/>\n    <\/a>\n<\/p>\n<p>                                            <strong>Un h\u00f4tel officiel, une premi\u00e8re mondiale<\/strong><\/p>\n<p>                                            <a class=\"fig-a11y-skip\" href=\"#fig-a11y-skip-main-inarticle\" data-module=\"a11y-skip\" data-context=\"was @visible\"><br \/>\n    Passer la publicit\u00e9<br \/>\n<\/a>            <\/p>\n<p class=\"fig-paragraph\">Le parc a entretenu le myst\u00e8re sur Instagram (ci-dessus), \u00e9voquant \u00ab un nouvel univers en cours de r\u00e9alisation\u00a0\u00bb. Derri\u00e8re cette discr\u00e9tion se cache pourtant la pi\u00e8ce ma\u00eetresse du projet\u00a0: un h\u00f4tel officiel Harry Potter, le premier jamais d\u00e9velopp\u00e9 \u00e0 l\u2019\u00e9chelle mondiale. Aucun chiffre n\u2019a filtr\u00e9 \u2014 ni nombre de chambres, ni style des espaces, ni calendrier d\u2019ouverture \u2014 mais la promesse d\u2019une immersion compl\u00e8te a suffi \u00e0 embraser les r\u00e9seaux sociaux.<\/p>\n<p class=\"fig-paragraph\">Merlin Entertainments et Warner Bros Discovery Global Experiences ont confirm\u00e9 un chantier d\u2019envergure pour un parc qui attire d\u00e9j\u00e0 plus de 2,25 millions de visiteurs par an. Le choix de G\u00fcnzburg n\u2019a rien d\u2019un hasard\u00a0: le site dispose d\u2019un vaste potentiel d\u2019extension, encore peu exploit\u00e9, et d\u2019un resort solidement structur\u00e9 autour d\u2019h\u00e9bergements immersifs. L\u2019ensemble offre un terrain id\u00e9al pour ce qui s\u2019annonce comme l\u2019un des investissements les plus importants jamais r\u00e9alis\u00e9s par Merlin sur un parc existant.<\/p>\n<p class=\"fig-paragraph\">Reste l\u2019essentiel pour le grand public\u00a0: il faudra encore patienter avant de d\u00e9couvrir les attractions, les d\u00e9cors et les visuels du futur h\u00f4tel. Le projet sera d\u00e9voil\u00e9 par \u00e9tapes au cours de l\u2019ann\u00e9e 2026. Une certitude n\u00e9anmoins\u00a0: en combinant l\u2019univers LEGO et la magie de Poudlard, LEGOLAND Deutschland s\u2019appr\u00eate \u00e0 signer l\u2019un des d\u00e9veloppements les plus observ\u00e9s de la d\u00e9cennie en Europe.<\/p>\n<p class=\"fig-body-link\">\n            \u00c0 lire aussi<br \/>\n        <a class=\"fig-body-link__link\" href=\"http:\/\/www.lefigaro.fr\/voyages\/guides\/quels-sont-les-10-parcs-d-attractions-les-plus-frequentes-en-europe-20240915\" data-fig-type=\"Article\" data-gtm-custom-categorie=\"navigation\" data-gtm-custom-action=\"crossclick\" data-gtm-custom-label=\"Contextuel\" data-gtm-event=\"customEventSPE\" data-fig-domain=\"LEFIGARO\" target=\"_blank\" rel=\"noopener\"><\/p>\n<p>        Quels sont les 10 parcs d&rsquo;attractions les plus fr\u00e9quent\u00e9s en Europe\u00a0?<br \/>\n    <\/a>\n<\/p>\n<p class=\"fig-paragraph\"><strong>ET AUSSI &#8211; Appel au boycott de la saga Harry Potter: Keira Knightley appelle au respect de J.K Rowling<\/strong><\/p>\n","protected":false},"excerpt":{"rendered":"L\u2019annonce a bouscul\u00e9 les attentes des passionn\u00e9s de parcs \u00e0 th\u00e8mes. Le site choisi, en pleine \u00e9volution, pr\u00e9pare&hellip;\n","protected":false},"author":2,"featured_media":590436,"comment_status":"","ping_status":"","sticky":false,"template":"","format":"standard","meta":{"footnotes":""},"categories":[1587],"tags":[11,672,1804,1805,1803,1777,674,1801,6610,2519,12,61961,1802],"class_list":{"0":"post-590435","1":"post","2":"type-post","3":"status-publish","4":"format-standard","5":"has-post-thumbnail","7":"category-allemagne","8":"tag-actualites","9":"tag-allemagne","10":"tag-bundesrepublik-deutschland","11":"tag-de","12":"tag-deutschland","13":"tag-eu","14":"tag-europe","15":"tag-germany","16":"tag-harry-potter","17":"tag-hotellerie","18":"tag-news","19":"tag-parc-dattraction","20":"tag-republique-federale-dallemagne"},"share_on_mastodon":{"url":"https:\/\/pubeurope.com\/@fr\/115694733250199180","error":""},"_links":{"self":[{"href":"https:\/\/www.europesays.com\/fr\/wp-json\/wp\/v2\/posts\/590435","targetHints":{"allow":["GET"]}}],"collection":[{"href":"https:\/\/www.europesays.com\/fr\/wp-json\/wp\/v2\/posts"}],"about":[{"href":"https:\/\/www.europesays.com\/fr\/wp-json\/wp\/v2\/types\/post"}],"author":[{"embeddable":true,"href":"https:\/\/www.europesays.com\/fr\/wp-json\/wp\/v2\/users\/2"}],"replies":[{"embeddable":true,"href":"https:\/\/www.europesays.com\/fr\/wp-json\/wp\/v2\/comments?post=590435"}],"version-history":[{"count":0,"href":"https:\/\/www.europesays.com\/fr\/wp-json\/wp\/v2\/posts\/590435\/revisions"}],"wp:featuredmedia":[{"embeddable":true,"href":"https:\/\/www.europesays.com\/fr\/wp-json\/wp\/v2\/media\/590436"}],"wp:attachment":[{"href":"https:\/\/www.europesays.com\/fr\/wp-json\/wp\/v2\/media?parent=590435"}],"wp:term":[{"taxonomy":"category","embeddable":true,"href":"https:\/\/www.europesays.com\/fr\/wp-json\/wp\/v2\/categories?post=590435"},{"taxonomy":"post_tag","embeddable":true,"href":"https:\/\/www.europesays.com\/fr\/wp-json\/wp\/v2\/tags?post=590435"}],"curies":[{"name":"wp","href":"https:\/\/api.w.org\/{rel}","templated":true}]}}