{"id":590438,"date":"2025-12-10T10:12:24","date_gmt":"2025-12-10T10:12:24","guid":{"rendered":"https:\/\/www.europesays.com\/fr\/590438\/"},"modified":"2025-12-10T10:12:24","modified_gmt":"2025-12-10T10:12:24","slug":"lue-fixe-un-objectif-de-reduction-de-90-des-emissions-dici-2040-dans-la-revision-de-sa-loi-climat","status":"publish","type":"post","link":"https:\/\/www.europesays.com\/fr\/590438\/","title":{"rendered":"L\u2019UE fixe un objectif de r\u00e9duction de 90\u202f% des \u00e9missions d\u2019ici 2040 dans la r\u00e9vision de sa loi climat"},"content":{"rendered":"<p>AA \/ Bruxelles \/ Melike Pala<\/p>\n<p>Le Conseil de l\u2019Union europ\u00e9enne et le Parlement europ\u00e9en sont parvenus mercredi \u00e0 un accord provisoire pour r\u00e9viser la Loi europ\u00e9enne sur le climat, fixant un objectif contraignant de r\u00e9duction de 90 % des \u00e9missions nettes de gaz \u00e0 effet de serre d\u2019ici 2040 par rapport aux niveaux de 1990.<\/p>\n<p>Selon un communiqu\u00e9 officiel, l\u2019accord introduit de nouvelles flexibilit\u00e9s pour soutenir les \u00c9tats membres et les secteurs industriels durant la transition, et consolide le cadre climatique post-2030 afin de garantir comp\u00e9titivit\u00e9, justice sociale, s\u00e9curit\u00e9 \u00e9nerg\u00e9tique et conditions d\u2019investissement de long terme.<\/p>\n<p>Dans le cadre du compromis, les n\u00e9gociateurs ont \u00e9galement convenu de reporter d\u2019un an, de 2027 \u00e0 2028, le lancement du second syst\u00e8me europ\u00e9en d\u2019\u00e9change de quotas d\u2019\u00e9mission (ETS2) pour les b\u00e2timents et le transport routier.<\/p>\n<p>L\u2019accord pr\u00e9voit un objectif contraignant de r\u00e9duction nette de 90 % d\u2019ici 2040 et clarifie les flexibilit\u00e9s : recours encadr\u00e9 \u00e0 des cr\u00e9dits carbone internationaux de haute qualit\u00e9, r\u00f4le accru des absorptions domestiques permanentes dans le cadre de l\u2019ETS, ainsi que des m\u00e9canismes trans-sectoriels.<\/p>\n<p>Le texte vise \u00e0 renforcer le cadre d\u2019accompagnement, en mettant l\u2019accent sur la comp\u00e9titivit\u00e9, la simplification, l\u2019innovation, l\u2019investissement, l\u2019accessibilit\u00e9 \u00e9nerg\u00e9tique et la pr\u00e9servation des puits naturels de carbone.<\/p>\n<p>Il inclut aussi un renforcement du m\u00e9canisme de r\u00e9vision, avec des \u00e9valuations r\u00e9guli\u00e8res de la comp\u00e9titivit\u00e9, des prix de l\u2019\u00e9nergie et des absorptions nettes. Si les progr\u00e8s sont insuffisants, la Commission sera tenue de proposer des ajustements ou des mesures suppl\u00e9mentaires.<\/p>\n<p>\u00c0 partir de 2036, l\u2019utilisation de cr\u00e9dits carbone internationaux de haute qualit\u00e9 sera possible dans la limite de 5 % des \u00e9missions nettes de l\u2019UE en 1990, garantissant que 85 % des r\u00e9ductions devront \u00eatre r\u00e9alis\u00e9es au niveau domestique d\u2019ici 2040.<\/p>\n<p>Une phase pilote couvrant la p\u00e9riode 2031-2035 pourrait \u00eatre mise en place pour favoriser le d\u00e9veloppement d\u2019un march\u00e9 mondial de cr\u00e9dits carbone \u00ab \u00e0 haute int\u00e9grit\u00e9 \u00bb. Un futur r\u00e9examen \u00e9valuera aussi la possibilit\u00e9 pour les \u00c9tats membres d\u2019utiliser de nouveaux cr\u00e9dits \u2013 jusqu\u2019\u00e0 suppl\u00e9mentaires \u2013 pour atteindre leurs objectifs nationaux post-2030.<\/p>\n<p>L\u2019accord reste provisoire et devra \u00eatre formellement approuv\u00e9 par le Parlement europ\u00e9en et le Conseil avant son adoption d\u00e9finitive.<\/p>\n<p>Adopt\u00e9e en 2021, la Loi europ\u00e9enne sur le climat fixe d\u00e9j\u00e0 les objectifs contraignants d\u2019une neutralit\u00e9 climatique en 2050 et d\u2019au moins 55 % de r\u00e9duction nette des \u00e9missions d\u2019ici 2030.<\/p>\n<p>*Traduit de l&rsquo;anglais par Sanaa Amir<\/p>\n<p>                            &#13;<br \/>\n                                <a href=\"https:\/\/www.aa.com.tr\/fr\/p\/abonnement\/1001\" target=\"_blank\" style=\"font-size:12px; color:#444; text-decoration:none;\" rel=\"noopener\">&#13;<br \/>\n                                    Seulement une partie des d\u00e9p\u00eaches, que l&rsquo;Agence Anadolu diffuse \u00e0 ses abonn\u00e9s via le Syst\u00e8me de Diffusion interne (HAS), est diffus\u00e9e sur le site de l&rsquo;AA, de mani\u00e8re r\u00e9sum\u00e9e. <b style=\"color:#1897F7\">Contactez-nous s&rsquo;il vous pla\u00eet pour vous abonner.<\/b>&#13;<br \/>\n                                <\/a>&#13;<\/p>\n","protected":false},"excerpt":{"rendered":"AA \/ Bruxelles \/ Melike Pala Le Conseil de l\u2019Union europ\u00e9enne et le Parlement europ\u00e9en sont parvenus mercredi&hellip;\n","protected":false},"author":2,"featured_media":590439,"comment_status":"","ping_status":"","sticky":false,"template":"","format":"standard","meta":{"footnotes":""},"categories":[1586],"tags":[11,1785,1777,674,1779,1011,27,12,1905,25,1778,364],"class_list":{"0":"post-590438","1":"post","2":"type-post","3":"status-publish","4":"format-standard","5":"has-post-thumbnail","7":"category-europe","8":"tag-actualites","9":"tag-anadolu-ajansi","10":"tag-eu","11":"tag-europe","12":"tag-european-union","13":"tag-fr","14":"tag-france","15":"tag-news","16":"tag-parlement-europen","17":"tag-republique-francaise","18":"tag-ue","19":"tag-union-europeenne"},"share_on_mastodon":{"url":"https:\/\/pubeurope.com\/@fr\/115694740827562446","error":""},"_links":{"self":[{"href":"https:\/\/www.europesays.com\/fr\/wp-json\/wp\/v2\/posts\/590438","targetHints":{"allow":["GET"]}}],"collection":[{"href":"https:\/\/www.europesays.com\/fr\/wp-json\/wp\/v2\/posts"}],"about":[{"href":"https:\/\/www.europesays.com\/fr\/wp-json\/wp\/v2\/types\/post"}],"author":[{"embeddable":true,"href":"https:\/\/www.europesays.com\/fr\/wp-json\/wp\/v2\/users\/2"}],"replies":[{"embeddable":true,"href":"https:\/\/www.europesays.com\/fr\/wp-json\/wp\/v2\/comments?post=590438"}],"version-history":[{"count":0,"href":"https:\/\/www.europesays.com\/fr\/wp-json\/wp\/v2\/posts\/590438\/revisions"}],"wp:featuredmedia":[{"embeddable":true,"href":"https:\/\/www.europesays.com\/fr\/wp-json\/wp\/v2\/media\/590439"}],"wp:attachment":[{"href":"https:\/\/www.europesays.com\/fr\/wp-json\/wp\/v2\/media?parent=590438"}],"wp:term":[{"taxonomy":"category","embeddable":true,"href":"https:\/\/www.europesays.com\/fr\/wp-json\/wp\/v2\/categories?post=590438"},{"taxonomy":"post_tag","embeddable":true,"href":"https:\/\/www.europesays.com\/fr\/wp-json\/wp\/v2\/tags?post=590438"}],"curies":[{"name":"wp","href":"https:\/\/api.w.org\/{rel}","templated":true}]}}