{"id":59044,"date":"2025-04-28T10:49:08","date_gmt":"2025-04-28T10:49:08","guid":{"rendered":"https:\/\/www.europesays.com\/fr\/59044\/"},"modified":"2025-04-28T10:49:08","modified_gmt":"2025-04-28T10:49:08","slug":"heliportee-apres-une-chute-de-cheval-un-nouveau-pont-sur-la86-linfo-en-ile-de-france","status":"publish","type":"post","link":"https:\/\/www.europesays.com\/fr\/59044\/","title":{"rendered":"H\u00e9liport\u00e9e apr\u00e8s une chute de cheval, un nouveau pont sur l&rsquo;A86&#8230; l&rsquo;info en Ile-de-France"},"content":{"rendered":"<p>            Par<br \/>\n        <strong><br \/>\n            <a href=\"https:\/\/actu.fr\/auteur\/jerome-lemonnier\" title=\"Consulter tous les articles de J\u00e9r\u00f4me Lemonnier\" target=\"_blank\" rel=\"noopener\">J\u00e9r\u00f4me Lemonnier<\/a><br \/>\n        <\/strong><\/p>\n<p>        Publi\u00e9 le<\/p>\n<p>            28 avr. 2025 \u00e0 11h59        <\/p>\n<p>Plus de peur que de mal. Les sapeurs-pompiers du\u00a0<a href=\"https:\/\/actu.fr\/essonne\/\" target=\"_blank\" rel=\"noopener\">d\u00e9partement de l\u2019Essonne<\/a>\u00a0sont intervenus, ce dimanche 27\u00a0avril 2025, pour\u00a0<strong>une personne bless\u00e9e<\/strong>\u00a0suite \u00e0\u00a0<a href=\"https:\/\/actu.fr\/tag\/cheval\" target=\"_blank\" rel=\"noopener\">une chute de cheval<\/a>\u00a0au sein d\u2019un centre \u00e9questre situ\u00e9 \u00e0 Soisy-sur-\u00c9cole.<\/p>\n<p class=\" wall-content\">Un\u00a0<a href=\"https:\/\/actu.fr\/tag\/accident-grave-de-voyageur\" target=\"_blank\" rel=\"noopener\">accident grave de personne<\/a>\u00a0s\u2019est produit ce lundi 28 avril 2025 vers 6h30 en gare de Maisons-Alfort (Val-de-Marne). En cons\u00e9quence, le trafic du\u00a0<a href=\"https:\/\/actu.fr\/tag\/rer-d\" target=\"_blank\" rel=\"noopener\">RER D<\/a>\u00a0a \u00e9t\u00e9 interrompu un temps entre\u00a0Villeneuve Saint Georges et Paris Gare de Lyon dans les deux sens tandis que la circulation de la\u00a0<a href=\"https:\/\/actu.fr\/tag\/ligne-r\" target=\"_blank\" rel=\"noopener\">ligne R<\/a>\u00a0\u00e9tait \u00e0 l\u2019arr\u00eat\u00a0entre Paris\u00a0<a href=\"https:\/\/actu.fr\/tag\/gare-de-lyon\" target=\"_blank\" rel=\"noopener\">Gare de Lyon<\/a>\u00a0et Melun, \u00e9galement dans les deux sens.\u00a0<\/p>\n<p class=\" wall-content\">Un\u00a0<strong>nouveau pont<\/strong>\u00a0au-dessus de l\u2019<a href=\"https:\/\/actu.fr\/tag\/autoroute-86-a86\" target=\"_blank\" rel=\"noopener\">A86<\/a>. Un chantier colossal s\u2019est install\u00e9 entre les communes de\u00a0<a href=\"https:\/\/actu.fr\/ile-de-france\/fontenay-sous-bois_94033\" target=\"_blank\" rel=\"noopener\">Fontenay-sous-Bois<\/a>,\u00a0<a href=\"https:\/\/actu.fr\/ile-de-france\/rosny-sous-bois_93064\" target=\"_blank\" rel=\"noopener\">Rosny-sous-Bois<\/a>\u00a0et\u00a0<a href=\"https:\/\/actu.fr\/ile-de-france\/montreuil_93048\" target=\"_blank\" rel=\"noopener\">Montreuil<\/a>, n\u00e9cessitant la fermeture d\u2019une bretelle routi\u00e8re. Il permettra \u00e0 terme au\u00a0<a href=\"https:\/\/actu.fr\/societe\/plus-grand-plus-large-surnomme-jurassic-tram-le-tramway-t1-fait-enfin-peau-neuve-en-seine-saint-denis_61983670.html\" target=\"_blank\" rel=\"noopener\">nouveau tramway T1<\/a>\u00a0d\u2019enjamber l\u2019autoroute et de rejoindre son terminus prolong\u00e9 \u00e0\u00a0<strong>Val-de-Fontenay<\/strong>\u00a0(<a href=\"https:\/\/actu.fr\/ile-de-france\/val-de-marne_94\" target=\"_blank\" rel=\"noopener\">Val-de-Marne)<\/a>.\u00a0<\/p>\n<p class=\" wall-content\">C\u2019est une escroquerie qui a le vent en poupe. Mais qui commence \u00e0 \u00eatre tellement connue que tout le monde commence s\u00e9rieusement \u00e0 se m\u00e9fier. Mercredi 23\u00a0avril 2025, une retrait\u00e9e de 70\u00a0ans, demeurant au\u00a0<a href=\"https:\/\/actu.fr\/ile-de-france\/le-mesnil-le-roi_78396\" target=\"_blank\" rel=\"noopener\">Mesnil-le-Roi<\/a>\u00a0(Yvelines) a \u00e9t\u00e9 appel\u00e9e par un homme se pr\u00e9sentant comme son conseiller bancaire.<\/p>\n<p class=\" wall-content\">En retard, mais toujours dans les cartons. Le projet d\u2019installation d\u2019un\u00a0<b>parc solaire<\/b>\u00a0\u00e0\u00a0<a href=\"https:\/\/actu.fr\/ile-de-france\/germigny-l-eveque_77203\" target=\"_blank\" rel=\"noopener\">Germigny-l\u2019Ev\u00eaque<\/a>\u00a0avance lentement. Si l\u2019annonce de la transformation de l\u2019ancienne carri\u00e8re du lieu-dit \u00ab\u2009Les friches de R\u00e9zel\u2009\u00bb remonte \u00e0 2019, les p<b>anneaux photovolta\u00efques\u00a0<\/b>n\u2019ont, six ans apr\u00e8s, toujours pas \u00e9t\u00e9 plac\u00e9s sur ce terrain inoccup\u00e9.<\/p>\n<p>Les informations \u00e0 retenir ce lundi 28 avril 2025, \u00e0 midi en \u00cele-de-France<\/p>\n<p class=\"expresso-item wall-content\"><strong>Val-de-Marne. <\/strong><a title=\"Lire l&#039;article\" href=\"https:\/\/actu.fr\/ile-de-france\/maisons-alfort_94046\/sncf-accident-grave-de-personne-dans-le-val-de-marne-le-trafic-du-rer-d-et-de-la-ligne-r-tres-perturbe_62564818.html\" target=\"_blank\" rel=\"noopener\"><strong>Accident grave de personne : le trafic du RER D et de la ligne R tr\u00e8s perturb\u00e9<\/strong><\/a><br \/>Un accident grave s\u2019est produit en gare de Maisons-Alfort ce lundi 28 avril aux environs de 6h30.<\/p>\n<p class=\"expresso-item wall-content\"><strong>Seine-Saint-Denis. <\/strong><a title=\"Lire l&#039;article\" href=\"https:\/\/actu.fr\/ile-de-france\/rosny-sous-bois_93064\/nouveau-pont-en-construction-au-dessus-de-l-a86-en-seine-saint-denis-a-quoi-va-t-il-servir_62560654.html\" target=\"_blank\" rel=\"noopener\"><strong>Nouveau pont en construction au-dessus de l\u2019A86 : \u00e0 quoi va-t-il servir ?<\/strong><\/a><br \/>Les travaux ont commenc\u00e9 en f\u00e9vrier 2025, n\u00e9cessitant la fermeture d\u2019une bretelle de l\u2019autoroute. \u00c0 terme, le futur pont permettra le passage du tramway T1.<\/p>\n<p class=\"expresso-item wall-content\"><strong>Yvelines. <\/strong><a title=\"Lire l&#039;article\" href=\"https:\/\/actu.fr\/ile-de-france\/le-mesnil-le-roi_78396\/yvelines-lescroc-a-la-carte-bancaire-tombe-sur-plus-malin-que-lui_62565529.html\" target=\"_blank\" rel=\"noopener\"><strong>L\u2019escroc \u00e0 la carte bancaire tombe sur plus malin que lui<\/strong><\/a><br \/>Une retrait\u00e9e de 70\u00a0ans a d\u00e9jou\u00e9 une escroquerie \u00e0 la carte bancaire dans les Yvelines. Lorsque le coursier s\u2019est pr\u00e9sent\u00e9, elle a tiqu\u00e9 \u00e0 cause de son look.<\/p>\n<p class=\"expresso-item wall-content\"><strong>Essonne. <\/strong><a title=\"Lire l&#039;article\" href=\"https:\/\/actu.fr\/ile-de-france\/soisy-sur-ecole_91599\/chute-de-cheval-en-essonne-la-victime-heliportee-en-urgence-absolue_62565664.html\" target=\"_blank\" rel=\"noopener\"><strong>Chute de cheval : la victime h\u00e9liport\u00e9e en urgence absolue<\/strong><\/a><br \/>La victime se trouvait dans un centre \u00e9questre situ\u00e9 \u00e0 Soisy-sur-\u00c9cole, ce dimanche 27 avril 2025, lorsqu\u2019elle est tomb\u00e9e de sa monture.<\/p>\n<p class=\"expresso-item wall-content\"><strong>Seine-et-Marne. <\/strong><a title=\"Lire l&#039;article\" href=\"https:\/\/actu.fr\/ile-de-france\/germigny-l-eveque_77203\/seine-et-marne-ou-en-est-le-projet-de-parc-photovoltaique-prevu-dans-ce-petit-village_62565964.html\" target=\"_blank\" rel=\"noopener\"><strong>O\u00f9 en est le projet de parc photovolta\u00efque, pr\u00e9vu dans ce petit village ?<\/strong><\/a><br \/>L\u2019entreprise BayWa r.e. porte le projet de parc photovolta\u00efque \u00e0 Germigny-l\u2019\u00c9v\u00eaque pour l\u2019ann\u00e9e 2028. Au total, 8\u2009200 panneaux solaires install\u00e9s sur une ancienne carri\u00e8re.<\/p>\n<p>Suivez-nous pour en savoir plus\u2009!<\/p>\n<p class=\" wall-content wall-content wall-content wall-content\">Vous voulez plus d\u2019infos sur l\u2019\u00cele-de-France\u2009? Vous pouvez nous retrouver sur Actu \u00cele-de-France. Pour nous suivre sur les r\u00e9seaux sociaux, dans vos d\u00e9partements\u2009:<\/p>\n<p class=\" wall-content wall-content wall-content wall-content\"><strong>Paris\u2009:<\/strong>\u00a0retrouvez\u00a0actu\u00a0Paris\u00a0sur\u00a0<a href=\"https:\/\/www.facebook.com\/actufr.paris\/\" target=\"_blank\" rel=\"noopener\">Facebook\u00a0<\/a>et\u00a0<a href=\"https:\/\/twitter.com\/actufrparis\" target=\"_blank\" rel=\"noopener\">Twitter<\/a>\u2009;<br \/><strong>Seine-et-Marne\u2009:<\/strong>\u00a0retrouvez La R\u00e9publique de Seine-et-Marne (sud) sur\u00a0<a href=\"https:\/\/www.facebook.com\/RepubliqueSeineMarne\/\" target=\"_blank\" rel=\"noopener\">Facebook<\/a>\u00a0et\u00a0<a href=\"https:\/\/twitter.com\/LaRep77\" target=\"_blank\" rel=\"noopener\">Twitter<\/a>\u2009; La Marne (nord) sur\u00a0<a href=\"https:\/\/www.facebook.com\/journallarmarne\/?__tn__=%2Cd%2CP-R&amp;eid=ARDLZc91LaHbXzDwChLLLQJVMBLx_ABJremTC2-RG0CYvg0f4f8CLvbV5G1Lli4g_6QoXDcKkU1_LX1W\" target=\"_blank\" rel=\"noopener\">Facebook<\/a>\u00a0et\u00a0<a href=\"https:\/\/twitter.com\/JournalLaMarne\" target=\"_blank\" rel=\"noopener\">Twitter<\/a>\u2009; et Le Pays Briard sur\u00a0<a href=\"https:\/\/www.facebook.com\/LePaysBriard\/?ref=bookmarks\" target=\"_blank\" rel=\"noopener\">Facebook<\/a>\u00a0et\u00a0<a href=\"https:\/\/twitter.com\/LePaysBriard\" target=\"_blank\" rel=\"noopener\">Twitter<\/a>\u2009;<br \/><strong>Yvelines\u2009:<\/strong>\u00a0retrouvez\u00a078actu\u00a0sur\u00a0<a href=\"https:\/\/www.facebook.com\/78actu\/\" target=\"_blank\" rel=\"noopener\">Facebook<\/a>\u00a0et<a href=\"https:\/\/x.com\/78actu\">\u00a0Twitter<\/a>\u2009;<br \/><strong>Essonne\u2009:<\/strong>\u00a0retrouvez\u00a0actu Essonne\u00a0sur\u00a0<a href=\"https:\/\/www.facebook.com\/actuessonne\/?ref=br_rs\" target=\"_blank\" rel=\"noopener\">Facebook<\/a>\u00a0et\u00a0<a href=\"https:\/\/twitter.com\/ActuEssonne\" target=\"_blank\" rel=\"noopener\">Twitter<\/a>\u2009;<br \/><strong>Hauts-de-Seine\u2009:<\/strong>\u00a0retrouvez\u00a0actu\u00a0Hauts-de-Seine\u00a0sur\u00a0<a href=\"https:\/\/www.facebook.com\/actufr.hautsdeseine\/\" target=\"_blank\" rel=\"noopener\">Facebook<\/a>\u00a0et\u00a0<a href=\"https:\/\/twitter.com\/actufr92\" target=\"_blank\" rel=\"noopener\">Twitter<\/a>\u2009;<br \/><strong>Seine-Saint-Denis\u2009:<\/strong>\u00a0retrouvez actu Seine-Saint-Denis sur\u00a0<a href=\"https:\/\/www.facebook.com\/actufr.seinesaintdenis\/\" target=\"_blank\" rel=\"noopener\">Facebook<\/a>\u00a0et\u00a0<a href=\"https:\/\/x.com\/Actufr93\">Twitter<\/a>\u2009;<br \/><strong>Val-de-Marne\u2009<\/strong>: retrouvez actu Val-de-Marne sur\u00a0<a href=\"https:\/\/www.facebook.com\/actu94.valdemarne\/\" target=\"_blank\" rel=\"noopener\">Facebook<\/a>\u00a0et\u00a0<a href=\"https:\/\/x.com\/actufr94\">Twitter<\/a>\u2009;<br \/><strong>Val-d\u2019Oise\u2009:<\/strong>\u00a0retrouvez La Gazette du Val-d\u2019Oise sur\u00a0<a href=\"https:\/\/x.com\/actufr94\">Twitter<\/a><\/p>\n<p class=\" wall-content\">Suivez toute l\u2019actualit\u00e9 de vos villes et m\u00e9dias favoris en vous inscrivant \u00e0 <a href=\"https:\/\/moncompte.actu.fr\" title=\"D\u00e9couvez Mon Actu\" rel=\"nofollow noopener\" data-trk=\"{&quot;cta&quot;:{&quot;action&quot;:&quot;https:\\\/\\\/moncompte.actu.fr&quot;,&quot;category&quot;:&quot;mon compte&quot;,&quot;from&quot;:&quot;article footer&quot;,&quot;name&quot;:&quot;Mon actu&quot;,&quot;type&quot;:&quot;cta&quot;}}\" target=\"_blank\">Mon Actu<\/a>.<\/p>\n<p>                    <script async src=\"https:\/\/platform.twitter.com\/widgets.js\" charset=\"utf-8\"><\/script><\/p>\n","protected":false},"excerpt":{"rendered":"Par J\u00e9r\u00f4me Lemonnier Publi\u00e9 le 28 avr. 2025 \u00e0 11h59 Plus de peur que de mal. Les sapeurs-pompiers&hellip;\n","protected":false},"author":2,"featured_media":59045,"comment_status":"","ping_status":"","sticky":false,"template":"","format":"standard","meta":{"footnotes":""},"categories":[1592],"tags":[1111,11,15565,1777,674,1011,27,662,12,626,1072,1311,25,104],"class_list":{"0":"post-59044","1":"post","2":"type-post","3":"status-publish","4":"format-standard","5":"has-post-thumbnail","7":"category-ile-de-france","8":"tag-actu","9":"tag-actualites","10":"tag-autoroute-86-a86","11":"tag-eu","12":"tag-europe","13":"tag-fr","14":"tag-france","15":"tag-ile-de-france","16":"tag-news","17":"tag-paris","18":"tag-police","19":"tag-pompiers","20":"tag-republique-francaise","21":"tag-societe"},"share_on_mastodon":{"url":"https:\/\/pubeurope.com\/@fr\/114415204080797870","error":""},"_links":{"self":[{"href":"https:\/\/www.europesays.com\/fr\/wp-json\/wp\/v2\/posts\/59044","targetHints":{"allow":["GET"]}}],"collection":[{"href":"https:\/\/www.europesays.com\/fr\/wp-json\/wp\/v2\/posts"}],"about":[{"href":"https:\/\/www.europesays.com\/fr\/wp-json\/wp\/v2\/types\/post"}],"author":[{"embeddable":true,"href":"https:\/\/www.europesays.com\/fr\/wp-json\/wp\/v2\/users\/2"}],"replies":[{"embeddable":true,"href":"https:\/\/www.europesays.com\/fr\/wp-json\/wp\/v2\/comments?post=59044"}],"version-history":[{"count":0,"href":"https:\/\/www.europesays.com\/fr\/wp-json\/wp\/v2\/posts\/59044\/revisions"}],"wp:featuredmedia":[{"embeddable":true,"href":"https:\/\/www.europesays.com\/fr\/wp-json\/wp\/v2\/media\/59045"}],"wp:attachment":[{"href":"https:\/\/www.europesays.com\/fr\/wp-json\/wp\/v2\/media?parent=59044"}],"wp:term":[{"taxonomy":"category","embeddable":true,"href":"https:\/\/www.europesays.com\/fr\/wp-json\/wp\/v2\/categories?post=59044"},{"taxonomy":"post_tag","embeddable":true,"href":"https:\/\/www.europesays.com\/fr\/wp-json\/wp\/v2\/tags?post=59044"}],"curies":[{"name":"wp","href":"https:\/\/api.w.org\/{rel}","templated":true}]}}