{"id":590443,"date":"2025-12-10T10:15:20","date_gmt":"2025-12-10T10:15:20","guid":{"rendered":"https:\/\/www.europesays.com\/fr\/590443\/"},"modified":"2025-12-10T10:15:20","modified_gmt":"2025-12-10T10:15:20","slug":"gaza-la-france-demande-une-enquete-sur-un-potentiel-detournement-de-fonds-europeens-au-profit-du-hamas-10-12-2025-a-1048","status":"publish","type":"post","link":"https:\/\/www.europesays.com\/fr\/590443\/","title":{"rendered":"Gaza : la France demande une enqu\u00eate sur un potentiel d\u00e9tournement de fonds europ\u00e9ens au profit du Hamas &#8211; 10\/12\/2025 \u00e0 10:48"},"content":{"rendered":"<p> \u00ab\u00a0La France consid\u00e8re qu&rsquo;il n&rsquo;est pas tol\u00e9rable que des financements europ\u00e9ens aient \u00e9t\u00e9 vers\u00e9s \u00e0 des organisations dont les structures auraient \u00e9t\u00e9 plac\u00e9es sous une forme d&rsquo;ing\u00e9rence par les r\u00e9seaux du Hamas\u00a0\u00bb, a estim\u00e9 Paris.<\/p>\n<p>        <img decoding=\"async\" src=\"https:\/\/www.europesays.com\/fr\/wp-content\/uploads\/2025\/12\/0907dc755ced54b47ce143d150e6e8c0-760x507.jpg\" alt=\"Benjamin Haddad \u00e0 Paris, le 14 novembre 2025. ( AFP \/ BERTRAND GUAY )\" loading=\"eager\" fetchpriority=\"high\" width=\"760\" height=\"507\" style=\"max-width: 100%!important; height: auto;\"\/><\/p>\n<p class=\"c-image-news__legend\">Benjamin Haddad \u00e0 Paris, le 14 novembre 2025. ( AFP \/ BERTRAND GUAY )<\/p>\n<p>\n Le Hamas a-t-il exerc\u00e9 un \u00ab\u00a0contr\u00f4le\u00a0\u00bb sur les organisations, non-gouvernementales et internationales, op\u00e9rant sur les territoires palestiniens\u00a0\u00bb ? Le ministre fran\u00e7ais d\u00e9l\u00e9gu\u00e9 charg\u00e9 de l&rsquo;Europe a demand\u00e9 mercredi 10 d\u00e9cembre \u00e0 la Commission europ\u00e9enne \u00ab\u00a0de faire toute la lumi\u00e8re\u00a0\u00bb sur de telles accusations et sur l&rsquo;\u00e9ventuel d\u00e9tournement de financements europ\u00e9ens par le groupe islamiste palestinien.\n<\/p>\n<p>\n \u00ab\u00a0J&rsquo;ai \u00e9t\u00e9 r\u00e9cemment alert\u00e9 par des soup\u00e7ons quant \u00e0<br \/>\n <strong><br \/>\n  la mise en place par le Hamas d\u00e8s 2020 de contr\u00f4les des organisations, non-gouvernementales et internationales<br \/>\n <\/strong><br \/>\n , op\u00e9rant sur les territoires palestiniens\u00a0\u00bb, \u00e9crit Benjamin Haddad, dans un courrier que l&rsquo;<\/p>\n<p>  AFP<\/p>\n<p> a consult\u00e9, dat\u00e9 de mardi et adress\u00e9 \u00e0 la cheffe de la diplomatie europ\u00e9enne Kaja Kallas, ainsi qu&rsquo;aux commissaires europ\u00e9ens Dubravka Suica, Michael Mcgrath et Magnus Brunner.\n<\/p>\n<p>\n Rappelant que l&rsquo;Union europ\u00e9enne est un bailleur de certaines de ces organisations humanitaires telles que CESVI, Handicap International, Norwegian Refugee Council ou International Medical Corps, il note que \u00ab\u00a0ces informations soul\u00e8vent des pr\u00e9occupations majeures quant \u00e0 l&rsquo;int\u00e9grit\u00e9 des financements europ\u00e9ens et \u00e0 la protection des contribuables europ\u00e9ens qui doivent pouvoir \u00eatre assur\u00e9s que<br \/>\n <strong><br \/>\n  leurs contributions servent exclusivement \u00e0 des objectifs humanitaires\u00a0\u00bb.<br \/>\n <\/strong>\n<\/p>\n<p> \u00ab\u00a0Ing\u00e9rence\u00a0\u00bb du Hamas<\/p>\n<p>\n D\u00e9j\u00e0 en mai dernier, le ministre fran\u00e7ais avait demand\u00e9 \u00e0 Bruxelles de renforcer le contr\u00f4le des financements europ\u00e9ens pour qu&rsquo;ils<br \/>\n <strong><br \/>\n  n&rsquo;aillent pas \u00e0 des acteurs \u00ab\u00a0li\u00e9s \u00e0 l&rsquo;antis\u00e9mitisme ou \u00e0 l&rsquo;islamisme\u00a0\u00bb<br \/>\n <\/strong><br \/>\n .\n<\/p>\n<p>\n Avec l&rsquo;Autriche et les Pays-Bas, la France a port\u00e9 au niveau europ\u00e9en \u00ab\u00a0des propositions visant \u00e0 s&rsquo;assurer du respect de la promotion des valeurs europ\u00e9ennes par les b\u00e9n\u00e9ficiaires des financements europ\u00e9ens\u00a0\u00bb, rappelle Benjamin Haddad dans son courrier.\n<\/p>\n<p>\n \u00ab\u00a0La France consid\u00e8re qu&rsquo;il n&rsquo;est pas tol\u00e9rable que des financements europ\u00e9ens aient \u00e9t\u00e9 vers\u00e9s \u00e0 des organisations, op\u00e9rant pour des objectifs humanitaires, dont les structures auraient \u00e9t\u00e9 plac\u00e9es sous une forme d&rsquo;ing\u00e9rence par les r\u00e9seaux du Hamas\u00a0\u00bb, poursuit-il. \u00ab\u00a0Ces organisations internationales ne devraient pas se retrouver en situation d&rsquo;accepter l&rsquo;appui d&rsquo;une structure consid\u00e9r\u00e9e comme terroriste au niveau europ\u00e9en pour pouvoir op\u00e9rer et fournir leurs services humanitaires\u00a0\u00bb, a-t-il ajout\u00e9, appelant \u00ab\u00a0\u00e0 faire toute la lumi\u00e8re sur ces all\u00e9gations\u00a0\u00bb.\n<\/p>\n<p>\n Outre la demande de transparence et la mise en place d&rsquo;outils op\u00e9rationnels permettant de mieux contr\u00f4ler les flux, la France pr\u00e9conise un m\u00e9canisme de suspension de financement \u00ab\u00a0plus robuste\u00a0\u00bb.\n<\/p>\n<p>\n \u00ab\u00a0Face \u00e0<br \/>\n <strong><br \/>\n  ces violations persistantes des droits et des valeurs europ\u00e9ennes<br \/>\n <\/strong><br \/>\n par des acteurs tiers, l&rsquo;Union, ses agences et ses op\u00e9rateurs ainsi que les \u00c9tats membres doivent redoubler de vigilance\u00a0\u00bb, conclut Benjamin Haddad.<\/p>\n","protected":false},"excerpt":{"rendered":"\u00ab\u00a0La France consid\u00e8re qu&rsquo;il n&rsquo;est pas tol\u00e9rable que des financements europ\u00e9ens aient \u00e9t\u00e9 vers\u00e9s \u00e0 des organisations dont&hellip;\n","protected":false},"author":2,"featured_media":590444,"comment_status":"","ping_status":"","sticky":false,"template":"","format":"standard","meta":{"footnotes":""},"categories":[4],"tags":[400,11,398,408,405,1011,27,403,402,399,404,12,25,401,406,407],"class_list":{"0":"post-590443","1":"post","2":"type-post","3":"status-publish","4":"format-standard","5":"has-post-thumbnail","7":"category-france","8":"tag-action-cac-40","9":"tag-actualites","10":"tag-bourse-de-paris","11":"tag-boursorama","12":"tag-cotations","13":"tag-fr","14":"tag-france","15":"tag-indices-devises","16":"tag-investir","17":"tag-investissement","18":"tag-marche-boursier","19":"tag-news","20":"tag-republique-francaise","21":"tag-sicav","22":"tag-trackers","23":"tag-warrants"},"share_on_mastodon":{"url":"https:\/\/pubeurope.com\/@fr\/115694753569748604","error":""},"_links":{"self":[{"href":"https:\/\/www.europesays.com\/fr\/wp-json\/wp\/v2\/posts\/590443","targetHints":{"allow":["GET"]}}],"collection":[{"href":"https:\/\/www.europesays.com\/fr\/wp-json\/wp\/v2\/posts"}],"about":[{"href":"https:\/\/www.europesays.com\/fr\/wp-json\/wp\/v2\/types\/post"}],"author":[{"embeddable":true,"href":"https:\/\/www.europesays.com\/fr\/wp-json\/wp\/v2\/users\/2"}],"replies":[{"embeddable":true,"href":"https:\/\/www.europesays.com\/fr\/wp-json\/wp\/v2\/comments?post=590443"}],"version-history":[{"count":0,"href":"https:\/\/www.europesays.com\/fr\/wp-json\/wp\/v2\/posts\/590443\/revisions"}],"wp:featuredmedia":[{"embeddable":true,"href":"https:\/\/www.europesays.com\/fr\/wp-json\/wp\/v2\/media\/590444"}],"wp:attachment":[{"href":"https:\/\/www.europesays.com\/fr\/wp-json\/wp\/v2\/media?parent=590443"}],"wp:term":[{"taxonomy":"category","embeddable":true,"href":"https:\/\/www.europesays.com\/fr\/wp-json\/wp\/v2\/categories?post=590443"},{"taxonomy":"post_tag","embeddable":true,"href":"https:\/\/www.europesays.com\/fr\/wp-json\/wp\/v2\/tags?post=590443"}],"curies":[{"name":"wp","href":"https:\/\/api.w.org\/{rel}","templated":true}]}}