{"id":590445,"date":"2025-12-10T10:18:12","date_gmt":"2025-12-10T10:18:12","guid":{"rendered":"https:\/\/www.europesays.com\/fr\/590445\/"},"modified":"2025-12-10T10:18:12","modified_gmt":"2025-12-10T10:18:12","slug":"transferts-lenorme-coup-de-lusap-le-all-black-sevu-reece-a-signe-un-contrat-de-plusieurs-saisons","status":"publish","type":"post","link":"https:\/\/www.europesays.com\/fr\/590445\/","title":{"rendered":"Transferts \u2013 L\u2019\u00e9norme coup de l\u2019Usap\u00a0: le All Black Sevu Reece a sign\u00e9 un contrat de plusieurs saisons"},"content":{"rendered":"<p>\n                L\u2019Usap vient de r\u00e9aliser un \u00e9norme coup sur le march\u00e9 des transferts en enr\u00f4lant le All Black Sevu Reece (28 ans, 36 s\u00e9lections). L\u2019ailier s\u2019est engag\u00e9 pour trois ans du c\u00f4t\u00e9 de la Catalogne.\n            <\/p>\n<p>\u00catre dernier et sans victoire en Top 14 n\u2019emp\u00eache pas de faire de grosses affaires en termes de transferts. Ce mercredi, Perpignan devrait annoncer la venue de Sevu Reece pour trois ans, comme l\u2019annoncent nos confr\u00e8res de <strong><a href=\"https:\/\/www.lindependant.fr\/2025\/12\/10\/top-14-lusap-frappe-un-tres-gros-coup-sevu-reece-machine-a-marquer-des-all-blacks-sengage-sur-le-long-terme-13101922.php\" target=\"_self\" rel=\"noopener\">l\u2019Ind\u00e9pendant<\/a><\/strong>. Le All Black aux 36 s\u00e9lections est la premi\u00e8re recrue de l\u2019Usap pour la saison prochaine. Il s\u2019agit d\u2019un \u00e9norme coup pour le club catalan, qui comptera sur le renfort d\u2019un ailier addict aux essais, qui est une attraction du rugby n\u00e9o-z\u00e9landais depuis quelques saisons d\u00e9j\u00e0. Joueur des Crusaders depuis ses d\u00e9buts en professionnel en 2019, Reece est devenu une machine \u00e0 marquer en Super Rugby. Auteur de 66 essais en 88 matchs du c\u00f4t\u00e9 de Christchurch, l\u2019ailier est tout simplement le meilleur marqueur de l\u2019histoire de la comp\u00e9tition qui m\u00eale les franchises australiennes, n\u00e9o-z\u00e9landaises mais aussi les Fijian Drua et les Moana Pasifika.<\/p>\n<p>Meilleur marqueur de l\u2019histoire du Super Rugby<\/p>\n<p>Ses performances avec les Crusaders \u00e9taient telles que Reece s\u2019est rapidement fait une place chez les All Blacks. Le Fidjien d\u2019origine a fait sa premi\u00e8re apparition sous le maillot noir lors du Rugby Championship 2019, avant de disputer la Coupe du monde la m\u00eame ann\u00e9e, dans la peau d\u2019un titulaire. Parmi les cadres de la s\u00e9lection, il n\u2019a pas particip\u00e9 \u00e0 la <strong><a href=\"https:\/\/www.rugbyrama.fr\/2023\/03\/29\/coupe-du-monde-sevu-reece-nouvelle-zelande-blesse-au-genou-manquera-la-coupe-du-monde-11096333.php\" target=\"_self\" rel=\"noopener\">Coupe du monde 2023 en raison d\u2019une grave blessure au genou<\/a><\/strong>. Revenu par la suite \u00e0 son meilleur niveau, Reece a notamment particip\u00e9 \u00e0 deux matchs face au XV de France l\u2019\u00e9t\u00e9 dernier. Sa venue en dit long sur la volont\u00e9 de l\u2019Usap \u00e0 construire un effectif solide pour les saisons \u00e0 venir et sur la capacit\u00e9 qu\u2019a le Top 14 \u00e0 attirer les stars internationales, m\u00eame \u00e0 un an et demi du Mondial en Australie. D\u2019ailleurs, en raison de ce d\u00e9part de Nouvelle-Z\u00e9lande Reece ne devrait pas \u00eatre \u00e9ligible avec sa s\u00e9lection pour la Coupe du monde 2027. Il disputera une derni\u00e8re saison en Super Rugby avant de prendre la direction de la France, l&rsquo;\u00e9t\u00e9 prochain.\u00a0<\/p>\n","protected":false},"excerpt":{"rendered":"L\u2019Usap vient de r\u00e9aliser un \u00e9norme coup sur le march\u00e9 des transferts en enr\u00f4lant le All Black Sevu&hellip;\n","protected":false},"author":2,"featured_media":590446,"comment_status":"","ping_status":"","sticky":false,"template":"","format":"standard","meta":{"footnotes":""},"categories":[1416],"tags":[1011,27,479,1468,70382,60,10662],"class_list":{"0":"post-590445","1":"post","2":"type-post","3":"status-publish","4":"format-standard","5":"has-post-thumbnail","7":"category-rugby","8":"tag-fr","9":"tag-france","10":"tag-rugby","11":"tag-rugby-football","12":"tag-sevu-reece","13":"tag-sports","14":"tag-transferts"},"share_on_mastodon":{"url":"https:\/\/pubeurope.com\/@fr\/115694764375686976","error":""},"_links":{"self":[{"href":"https:\/\/www.europesays.com\/fr\/wp-json\/wp\/v2\/posts\/590445","targetHints":{"allow":["GET"]}}],"collection":[{"href":"https:\/\/www.europesays.com\/fr\/wp-json\/wp\/v2\/posts"}],"about":[{"href":"https:\/\/www.europesays.com\/fr\/wp-json\/wp\/v2\/types\/post"}],"author":[{"embeddable":true,"href":"https:\/\/www.europesays.com\/fr\/wp-json\/wp\/v2\/users\/2"}],"replies":[{"embeddable":true,"href":"https:\/\/www.europesays.com\/fr\/wp-json\/wp\/v2\/comments?post=590445"}],"version-history":[{"count":0,"href":"https:\/\/www.europesays.com\/fr\/wp-json\/wp\/v2\/posts\/590445\/revisions"}],"wp:featuredmedia":[{"embeddable":true,"href":"https:\/\/www.europesays.com\/fr\/wp-json\/wp\/v2\/media\/590446"}],"wp:attachment":[{"href":"https:\/\/www.europesays.com\/fr\/wp-json\/wp\/v2\/media?parent=590445"}],"wp:term":[{"taxonomy":"category","embeddable":true,"href":"https:\/\/www.europesays.com\/fr\/wp-json\/wp\/v2\/categories?post=590445"},{"taxonomy":"post_tag","embeddable":true,"href":"https:\/\/www.europesays.com\/fr\/wp-json\/wp\/v2\/tags?post=590445"}],"curies":[{"name":"wp","href":"https:\/\/api.w.org\/{rel}","templated":true}]}}