{"id":590447,"date":"2025-12-10T10:19:22","date_gmt":"2025-12-10T10:19:22","guid":{"rendered":"https:\/\/www.europesays.com\/fr\/590447\/"},"modified":"2025-12-10T10:19:22","modified_gmt":"2025-12-10T10:19:22","slug":"pourquoi-lex-joueur-mondial-etait-il-au-tennis-club-de-bayeux","status":"publish","type":"post","link":"https:\/\/www.europesays.com\/fr\/590447\/","title":{"rendered":"pourquoi l&rsquo;ex-joueur mondial \u00e9tait-il au Tennis Club de Bayeux\u00a0?"},"content":{"rendered":"<p>                    Par<br \/>\n        <strong><br \/>\n            <a href=\"https:\/\/actu.fr\/auteur\/jeanne-cridling\" title=\"Consulter tous les articles de Jeanne Cridling\" target=\"_blank\" rel=\"noopener\">Jeanne Cridling<\/a><br \/>\n                    <\/strong><\/p>\n<p>        Publi\u00e9 le<\/p>\n<p>            9 d\u00e9c. 2025 \u00e0 11h59        <\/p>\n<p>La premi\u00e8re \u00e9tape de la 4\u1d49 \u00e9dition du Salon des clubs s\u2019est tenue au sein des locaux du club de <a href=\"https:\/\/actu.fr\/normandie\/bayeux_14047\" target=\"_blank\" rel=\"noopener\">Bayeux (Calvados)<\/a> dans lequel les repr\u00e9sentants fran\u00e7ais du tennis, sport de raquette<b> le plus pratiqu\u00e9 en France<\/b>, ont foul\u00e9 les terrains bayeusains.<\/p>\n<p class=\" wall-content\">\u00c9taient notamment pr\u00e9sents Gilles Moretton, pr\u00e9sident de la <a href=\"https:\/\/www.fft.fr\/\" target=\"_blank\" rel=\"noopener\">F\u00e9d\u00e9ration fran\u00e7aise de Tennis<\/a> et \u00e0 ses c\u00f4t\u00e9s,<b> Richard Gasquet<\/b>, ancien n\u00b07 mondial et l\u2019un des <b>plus c\u00e9l\u00e8bres<\/b> joueurs de tennis fran\u00e7ais de ces 30 derni\u00e8res ann\u00e9es.\u00a0<\/p>\n<p class=\" wall-content\">L\u2019\u00e9v\u00e9nement, qui vise \u00e0 <b>renforcer le dialogue avec les clubs locaux <\/b>en abordant les probl\u00e9matiques concr\u00e8tes, comme les besoins en formation, les questions juridiques, les projets de modernisation, \u00e9tait attendu par le club bayeusain qui a travers\u00e9 <b>une p\u00e9riode d\u2019incertitude<\/b> durant plusieurs ann\u00e9es.\u00a0<\/p>\n<p>Un plan de redressement sur 10 ans\u00a0<\/p>\n<p class=\" wall-content\">Apr\u00e8s un conflit avec <b>un enseignant du club<\/b> qui a saisi les prud\u2019hommes, le club s\u2019est retrouv\u00e9 en <b>cessation de paiement<\/b>, dans l\u2019impossibilit\u00e9 de payer ses dettes imm\u00e9diates. L\u2019ouverture d\u2019une proc\u00e9dure de <b>redressement judiciaire<\/b> a \u00e9t\u00e9 act\u00e9e en mai 2024 par le tribunal judiciaire de Caen. Un plan de <b>redressement sur 10 ans<\/b> a \u00e9t\u00e9 valid\u00e9 en octobre dernier, une proc\u00e9dure qui va permettre la poursuite de l\u2019activit\u00e9. Le club peut \u00e9taler ses dettes sur les 10 prochaines ann\u00e9es.<\/p>\n<p>\u00ab\u00a0Des installations absolument extraordinaires\u00a0\u00bb<\/p>\n<p class=\" wall-content\">\u00ab\u00a0On respire et on repart sur une bonne dynamique\u00a0\u00bb, s\u2019exclame \u00c9milie Boudaud, pr\u00e9sidente du TC Bayeux depuis trois ans. La professeure d\u2019anglais de 42 ans se r\u00e9jouit de l\u2019\u00e9volution de la structure qui compte d\u00e9sormais \u00ab\u00a0<b>400 adh\u00e9rents<\/b>, avec une moyenne d\u2019\u00e2ge de 25 ans\u00a0\u00bb.<\/p>\n<p>Vid\u00e9os : en ce moment sur Actu<br \/>\n    <a href=\"https:\/\/www.facebook.com\/plugins\/post.php?href=https%3A%2F%2Fwww.facebook.com%2Ftennisclubbayeux%2Fposts%2Fpfbid0bZU2WqkMhFsnKhpCcddxdXW37mDEbx8Lx81Kp1JwxE36Gin4oVfr82amTqq2VpiAl&amp;show_text=true&amp;width=350\" title=\"Ouvrie le lien\" target=\"_blank\" rel=\"noopener\">Cliquez ici pour visualiser le contenu<\/a><\/p>\n<p class=\" wall-content\">Les passionn\u00e9s de la balle jaune sont encadr\u00e9s par <b>trois enseignants<\/b>, un luxe pour le milieu qui conna\u00eet \u00ab\u00a0une p\u00e9nurie sur le territoire.\u00a0\u00bb \u00c9milie est particuli\u00e8rement heureuse de ses tout jeunes joueurs : \u00ab\u00a040 tout petits se sont inscrits entre 2019 et 2022, une immense fiert\u00e9, les familles ont confiance en nous.\u00a0\u00bb<\/p>\n<p>Votre r\u00e9gion, votre actu !<\/p>\n<p>Recevez chaque jour les infos qui comptent pour vous.<\/p>\n<p>\t<a href=\"https:\/\/actu.fr\/newsletter\" class=\"ac-btn ac-btn--corner ac-btn--medium ac-btn--blue800\" target=\"_blank\" rel=\"noopener\">S&rsquo;incrire<\/a><\/p>\n<p>    <img   decoding=\"async\" loading=\"lazy\" class=\"size-large\" src=\"https:\/\/www.europesays.com\/fr\/wp-content\/uploads\/2025\/12\/46f0ab1ad6396d201ab1ad6398701av-960x640.jpg\" alt=\"Gille Moretton - pr\u00e9sident de la FFT\" width=\"960\" height=\"640\"\/><br \/>\n    Gilles Moretton, pr\u00e9sident de la FFT, a salu\u00e9 les infrastructures du club bayeusain, choisi pour accueillir la premi\u00e8re \u00e9tape du \u00ab\u00a0salon des clubs\u00a0\u00bb.\u00a0 \u00a9Jeanne Cridling<\/p>\n<p class=\" wall-content\">Il faut dire que les <b>conditions<\/b> sont r\u00e9unies pour la pratique, notamment depuis la <b>modernisation des infrastructures en 2018<\/b> et ses cinq terrains ext\u00e9rieurs et trois autres int\u00e9rieurs, chauff\u00e9s. Le pr\u00e9sident de la FFT l\u2019a d\u2019ailleurs soulign\u00e9 lors de son intervention, qualifiant les installations \u00ab\u00a0d\u2019absolument extraordinaires.\u00a0\u00bb<\/p>\n<p class=\" wall-content\">Enseignants, pr\u00e9sidents, tr\u00e9soriers, pr\u00e8s de <b>200 acteurs<\/b> des clubs de tennis de la r\u00e9gion ont pu s\u2019inspirer du travail du club bayeusain qui s\u2019appr\u00eate \u00e0 accueillir la <a href=\"https:\/\/www.tenniseurope.org\/page\/16371\/Tennis-Europe-Winter-Cups-by-Dunlop\" target=\"_blank\" rel=\"noopener\">Winter Cup de Tennis Europe<\/a>, la comp\u00e9tition de tennis junior par \u00e9quipes la plus prestigieuse en salle.<\/p>\n<p class=\" wall-content\">Personnalisez votre actualit\u00e9 en ajoutant vos villes et m\u00e9dias en favori avec <a href=\"https:\/\/moncompte.actu.fr\" title=\"D\u00e9couvez Mon Actu\" rel=\"nofollow noopener\" data-trk=\"{&quot;cta&quot;:{&quot;action&quot;:&quot;https:\\\/\\\/moncompte.actu.fr&quot;,&quot;category&quot;:&quot;mon compte&quot;,&quot;from&quot;:&quot;article footer&quot;,&quot;name&quot;:&quot;Mon actu&quot;,&quot;type&quot;:&quot;cta&quot;}}\" target=\"_blank\">Mon Actu<\/a>.<\/p>\n","protected":false},"excerpt":{"rendered":"Par Jeanne Cridling Publi\u00e9 le 9 d\u00e9c. 2025 \u00e0 11h59 La premi\u00e8re \u00e9tape de la 4\u1d49 \u00e9dition du&hellip;\n","protected":false},"author":2,"featured_media":590448,"comment_status":"","ping_status":"","sticky":false,"template":"","format":"standard","meta":{"footnotes":""},"categories":[1415],"tags":[7948,1011,27,104,60,1467],"class_list":{"0":"post-590447","1":"post","2":"type-post","3":"status-publish","4":"format-standard","5":"has-post-thumbnail","7":"category-tennis","8":"tag-bessin","9":"tag-fr","10":"tag-france","11":"tag-societe","12":"tag-sports","13":"tag-tennis"},"share_on_mastodon":{"url":"https:\/\/pubeurope.com\/@fr\/115694769151459416","error":""},"_links":{"self":[{"href":"https:\/\/www.europesays.com\/fr\/wp-json\/wp\/v2\/posts\/590447","targetHints":{"allow":["GET"]}}],"collection":[{"href":"https:\/\/www.europesays.com\/fr\/wp-json\/wp\/v2\/posts"}],"about":[{"href":"https:\/\/www.europesays.com\/fr\/wp-json\/wp\/v2\/types\/post"}],"author":[{"embeddable":true,"href":"https:\/\/www.europesays.com\/fr\/wp-json\/wp\/v2\/users\/2"}],"replies":[{"embeddable":true,"href":"https:\/\/www.europesays.com\/fr\/wp-json\/wp\/v2\/comments?post=590447"}],"version-history":[{"count":0,"href":"https:\/\/www.europesays.com\/fr\/wp-json\/wp\/v2\/posts\/590447\/revisions"}],"wp:featuredmedia":[{"embeddable":true,"href":"https:\/\/www.europesays.com\/fr\/wp-json\/wp\/v2\/media\/590448"}],"wp:attachment":[{"href":"https:\/\/www.europesays.com\/fr\/wp-json\/wp\/v2\/media?parent=590447"}],"wp:term":[{"taxonomy":"category","embeddable":true,"href":"https:\/\/www.europesays.com\/fr\/wp-json\/wp\/v2\/categories?post=590447"},{"taxonomy":"post_tag","embeddable":true,"href":"https:\/\/www.europesays.com\/fr\/wp-json\/wp\/v2\/tags?post=590447"}],"curies":[{"name":"wp","href":"https:\/\/api.w.org\/{rel}","templated":true}]}}