{"id":590449,"date":"2025-12-10T10:23:16","date_gmt":"2025-12-10T10:23:16","guid":{"rendered":"https:\/\/www.europesays.com\/fr\/590449\/"},"modified":"2025-12-10T10:23:16","modified_gmt":"2025-12-10T10:23:16","slug":"paris-roubaix-en-reconnaissance-sur-les-paves-la-revanche-de-tadej-pogacar-a-deja-commence","status":"publish","type":"post","link":"https:\/\/www.europesays.com\/fr\/590449\/","title":{"rendered":"Paris-Roubaix\u00a0: En reconnaissance sur les pav\u00e9s, la revanche de Tadej Pogacar a d\u00e9j\u00e0 commenc\u00e9"},"content":{"rendered":"<p class=\"ap-StoryElement ap-StoryElement--mb ap-StoryText\">Deuxi\u00e8me pour sa premi\u00e8re participation \u00e0 Paris-Roubaix, il \u00e9tait clair que Tadej Pogacar souhaite faire encore mieux l&rsquo;ann\u00e9e prochaine.<\/p>\n<p class=\"ap-StoryElement ap-StoryElement--mb ap-StoryText\">Et pour y arriver, quoi de mieux que de prendre ses marques avant m\u00eame le d\u00e9but de la saison. Ce mardi, Pogacar, accompagn\u00e9 de Tim Wellens, Florian Vermeersch Nils Politt, a \u00e9t\u00e9 aper\u00e7u au Carrefour de l&rsquo;Arbre en pleine reconnaissance des pav\u00e9s de l&rsquo;Enfer du Nord.<\/p>\n<p class=\"ap-StoryElement ap-StoryElement--mb ap-StoryText\">Avec ses co\u00e9quipiers de chez UAE, il est clair que Pogacar r\u00e9it\u00e8re sa participation \u00e0 Paris-Roubaix pour 2026. C&rsquo;est ce qu&rsquo;esp\u00e8re Thierry Gouvenou, le directeur de course, chez nos confr\u00e8res de La Voix du Nord\u00a0: \u00ab\u00a0Apparemment, il a appr\u00e9ci\u00e9 l&rsquo;exp\u00e9rience cette ann\u00e9e. Il n&rsquo;aime pas perdre, car il n&rsquo;y est pas habitu\u00e9\u00a0\u00bb.<\/p>\n","protected":false},"excerpt":{"rendered":"Deuxi\u00e8me pour sa premi\u00e8re participation \u00e0 Paris-Roubaix, il \u00e9tait clair que Tadej Pogacar souhaite faire encore mieux l&rsquo;ann\u00e9e&hellip;\n","protected":false},"author":2,"featured_media":590450,"comment_status":"","ping_status":"","sticky":false,"template":"","format":"standard","meta":{"footnotes":""},"categories":[1411],"tags":[1154,207,1011,27,1227,60],"class_list":{"0":"post-590449","1":"post","2":"type-post","3":"status-publish","4":"format-standard","5":"has-post-thumbnail","7":"category-cyclisme","8":"tag-cycling","9":"tag-cyclisme","10":"tag-fr","11":"tag-france","12":"tag-horizontal","13":"tag-sports"},"share_on_mastodon":{"url":"https:\/\/pubeurope.com\/@fr\/115694783993217738","error":""},"_links":{"self":[{"href":"https:\/\/www.europesays.com\/fr\/wp-json\/wp\/v2\/posts\/590449","targetHints":{"allow":["GET"]}}],"collection":[{"href":"https:\/\/www.europesays.com\/fr\/wp-json\/wp\/v2\/posts"}],"about":[{"href":"https:\/\/www.europesays.com\/fr\/wp-json\/wp\/v2\/types\/post"}],"author":[{"embeddable":true,"href":"https:\/\/www.europesays.com\/fr\/wp-json\/wp\/v2\/users\/2"}],"replies":[{"embeddable":true,"href":"https:\/\/www.europesays.com\/fr\/wp-json\/wp\/v2\/comments?post=590449"}],"version-history":[{"count":0,"href":"https:\/\/www.europesays.com\/fr\/wp-json\/wp\/v2\/posts\/590449\/revisions"}],"wp:featuredmedia":[{"embeddable":true,"href":"https:\/\/www.europesays.com\/fr\/wp-json\/wp\/v2\/media\/590450"}],"wp:attachment":[{"href":"https:\/\/www.europesays.com\/fr\/wp-json\/wp\/v2\/media?parent=590449"}],"wp:term":[{"taxonomy":"category","embeddable":true,"href":"https:\/\/www.europesays.com\/fr\/wp-json\/wp\/v2\/categories?post=590449"},{"taxonomy":"post_tag","embeddable":true,"href":"https:\/\/www.europesays.com\/fr\/wp-json\/wp\/v2\/tags?post=590449"}],"curies":[{"name":"wp","href":"https:\/\/api.w.org\/{rel}","templated":true}]}}