{"id":590451,"date":"2025-12-10T10:24:18","date_gmt":"2025-12-10T10:24:18","guid":{"rendered":"https:\/\/www.europesays.com\/fr\/590451\/"},"modified":"2025-12-10T10:24:18","modified_gmt":"2025-12-10T10:24:18","slug":"kimpembe-ladultere-commis-avec-une-star-du-rnb","status":"publish","type":"post","link":"https:\/\/www.europesays.com\/fr\/590451\/","title":{"rendered":"Kimpembe, l&rsquo;adult\u00e8re commis avec une star du RnB"},"content":{"rendered":"<p>Sa carri\u00e8re de footballeur \u00e9tant<br \/>\nd\u00e9sormais derri\u00e8re lui, Presnel Kimpembe profite des petits<br \/>\nplaisirs de la vie au Qatar.<\/p>\n<p>Apr\u00e8s avoir pass\u00e9 vingt ans au Paris Saint-Germain, dont une<br \/>\ndizaine d\u2019ann\u00e9es en tant que professionnel, <a href=\"https:\/\/www.football365.fr\/un-ancien-cadre-du-psg-tourne-la-page-ca-fait-bizarre-10262965.html\" target=\"_blank\" rel=\"noopener\"><br \/>\n<strong>Presnel Kimpembe a quitt\u00e9 son club formateur<\/strong><\/a><br \/>\nau cours de l\u2019\u00e9t\u00e9 dernier. Rong\u00e9 par les blessures, le d\u00e9fenseur<br \/>\ncentral de 30 ans a \u00e9t\u00e9 exfiltr\u00e9 au Qatar SC.<\/p>\n<p>L\u2019international tricolore r\u00e9side d\u00e9sormais \u00e0 Doha. \u00ab\u00a0Je<br \/>\nme sens bien dans cette belle ville. Je la connaissais d\u00e9j\u00e0 avant<br \/>\nparce que j\u2019ai eu la chance, par le pass\u00e9, d\u2019y venir plusieurs<br \/>\nfois, que ce soit avec le PSG ou en vacances. Tout va tr\u00e8s<br \/>\nbien\u00a0\u00bb, confiait-il au d\u00e9but du mois de novembre, \u00e0 nos<br \/>\nconfr\u00e8res de Foot Mercato.<\/p>\n<blockquote class=\"twitter-tweet\"><p><a class=\"twitter-link\" rel=\"noindex, nofollow noopener\" href=\"https:\/\/twitter.com\/AQABABE_\/status\/1997024346603487288\" target=\"_blank\"><\/p><\/blockquote>\n<p>On l\u2019aura compris, Presnel Kimpembe se fait plaisir dans ce<br \/>\n\u00ab\u00a0petit paradis\u00a0\u00bb du golfe Persique. Peut-\u00eatre m\u00eame un<br \/>\npeu trop. R\u00e9cemment, il aurait eu une aventure extraconjugale avec<br \/>\nImen Es, comme l\u2019a relay\u00e9 l\u2019influenceur souvent bien inform\u00e9<br \/>\nAqababe.<\/p>\n<p>Kimpembe, son \u00e9pouse s\u2019en prend directement \u00e0 Imen Es<\/p>\n<p>\u00ab\u00a0Imen Es, c\u2019est quoi la sensation d\u2019\u00eatre la ma\u00eetresse<br \/>\nd\u2019un homme mari\u00e9 ?\u00a0\u00bb, a demand\u00e9 <a href=\"https:\/\/www.football365.fr\/couples-footballeur-kempembe-pogba-10065199.html\" target=\"_blank\" rel=\"noopener\"><br \/>\n<strong>Sarah Kimpembe, l\u2019\u00e9pouse du joueur<\/strong><\/a>, \u00e0 la<br \/>\nchanteuse de RnB. Une question pos\u00e9e dans une story Instagram, qui<br \/>\na ensuite rapidement \u00e9t\u00e9 effac\u00e9e.<\/p>\n<p>Imen Es est elle-m\u00eame mari\u00e9e, avec un d\u00e9nomm\u00e9 Moustafa El Oudi<br \/>\nMarwa Cheikh. Le couple a deux enfants. Quant \u00e0 la famille<br \/>\nKimpembe, ce n\u2019est pas la premi\u00e8re fois qu\u2019elle se retrouve au<br \/>\ncentre de rumeurs d\u2019infid\u00e9lit\u00e9s. En 2021, c\u2019est Sarah qui avait \u00e9t\u00e9<br \/>\naccus\u00e9e (par des internautes) d\u2019avoir tromp\u00e9 Presnel.<\/p>\n<p>\u00a0<\/p>\n<p><script async src=\"https:\/\/platform.twitter.com\/widgets.js\" charset=\"utf-8\"><\/script><\/p>\n","protected":false},"excerpt":{"rendered":"Sa carri\u00e8re de footballeur \u00e9tant d\u00e9sormais derri\u00e8re lui, Presnel Kimpembe profite des petits plaisirs de la vie au&hellip;\n","protected":false},"author":2,"featured_media":590452,"comment_status":"","ping_status":"","sticky":false,"template":"","format":"standard","meta":{"footnotes":""},"categories":[1410],"tags":[63,1011,27,60],"class_list":{"0":"post-590451","1":"post","2":"type-post","3":"status-publish","4":"format-standard","5":"has-post-thumbnail","7":"category-football","8":"tag-football","9":"tag-fr","10":"tag-france","11":"tag-sports"},"share_on_mastodon":{"url":"https:\/\/pubeurope.com\/@fr\/115694787972975809","error":""},"_links":{"self":[{"href":"https:\/\/www.europesays.com\/fr\/wp-json\/wp\/v2\/posts\/590451","targetHints":{"allow":["GET"]}}],"collection":[{"href":"https:\/\/www.europesays.com\/fr\/wp-json\/wp\/v2\/posts"}],"about":[{"href":"https:\/\/www.europesays.com\/fr\/wp-json\/wp\/v2\/types\/post"}],"author":[{"embeddable":true,"href":"https:\/\/www.europesays.com\/fr\/wp-json\/wp\/v2\/users\/2"}],"replies":[{"embeddable":true,"href":"https:\/\/www.europesays.com\/fr\/wp-json\/wp\/v2\/comments?post=590451"}],"version-history":[{"count":0,"href":"https:\/\/www.europesays.com\/fr\/wp-json\/wp\/v2\/posts\/590451\/revisions"}],"wp:featuredmedia":[{"embeddable":true,"href":"https:\/\/www.europesays.com\/fr\/wp-json\/wp\/v2\/media\/590452"}],"wp:attachment":[{"href":"https:\/\/www.europesays.com\/fr\/wp-json\/wp\/v2\/media?parent=590451"}],"wp:term":[{"taxonomy":"category","embeddable":true,"href":"https:\/\/www.europesays.com\/fr\/wp-json\/wp\/v2\/categories?post=590451"},{"taxonomy":"post_tag","embeddable":true,"href":"https:\/\/www.europesays.com\/fr\/wp-json\/wp\/v2\/tags?post=590451"}],"curies":[{"name":"wp","href":"https:\/\/api.w.org\/{rel}","templated":true}]}}