{"id":590453,"date":"2025-12-10T10:25:18","date_gmt":"2025-12-10T10:25:18","guid":{"rendered":"https:\/\/www.europesays.com\/fr\/590453\/"},"modified":"2025-12-10T10:25:18","modified_gmt":"2025-12-10T10:25:18","slug":"didier-bourdon-dans-le-doute-cest-incurable","status":"publish","type":"post","link":"https:\/\/www.europesays.com\/fr\/590453\/","title":{"rendered":"Didier Bourdon, dans le doute\u00a0: \u00ab\u00a0c&rsquo;est incurable\u00a0\u00bb"},"content":{"rendered":"<p>            <a href=\"https:\/\/www.journaldesfemmes.fr\/people\/magazine\/3249756-infos-people-scoops-france-decembre-semaine-lio-miss-france\/3249876-angelique-angarni-filopon\" class=\"app_button_nav_prev jMiddlePreviousButton\" target=\"_blank\" rel=\"noopener\"><\/a><a href=\"https:\/\/www.journaldesfemmes.fr\/people\/magazine\/3249756-infos-people-scoops-france-decembre-semaine-lio-miss-france\/3249856-carole-bouquet\" class=\"app_button_nav_next jMiddleNextButton\" target=\"_blank\" rel=\"noopener\"><\/a><\/p>\n<p>                <img loading=\"lazy\" decoding=\"async\" src=\"https:\/\/www.europesays.com\/fr\/wp-content\/uploads\/2025\/12\/40058030.jpeg\" alt=\"\" width=\"250\" height=\"457\"\/><br \/>\n            <a href=\"https:\/\/img-3.journaldesfemmes.fr\/AmLB2vzdtflhT2Fpx8kUMiGX6jk=\/667x\/smart\/9d4ef54738b44d59ad8891e9089cf77d\/ccmcms-jdf\/40058030.jpeg\" class=\"fancy app_btn_1 app_btn--ico\" target=\"_blank\" rel=\"noopener\"><\/a>Didier Bourdon \u00a9\u00a0Boyer David\/ABACA    <\/p>\n<p><strong>Questionnements.<\/strong> Cela fait maintenant plus de 40 ans que Didier Bourdon m\u00e8ne une brillante carri\u00e8re mais il manque toujours de confiance en lui ! \u00ab\u00a0C&rsquo;est incurable. C&rsquo;est ce que me disait mon producteur, il me disait\u00a0: &lsquo;tu douteras toujours&rsquo;. Et alors maintenant je le sais, donc je m&rsquo;\u00e9tonne un peu moins mais oui il y a toujours un peu d&rsquo;inqui\u00e9tude, mais \u00e7a peut se coupler d&rsquo;un vrai plaisir apr\u00e8s quand je joue et que je suis en confiance, c&rsquo;est un tel kif\u00a0\u00bb, a confi\u00e9 le r\u00e9alisateur et acteur de 66 ans dans\u00a050&prime; Inside.<\/p>\n","protected":false},"excerpt":{"rendered":"Didier Bourdon \u00a9\u00a0Boyer David\/ABACA Questionnements. Cela fait maintenant plus de 40 ans que Didier Bourdon m\u00e8ne une brillante&hellip;\n","protected":false},"author":2,"featured_media":590454,"comment_status":"","ping_status":"","sticky":false,"template":"","format":"standard","meta":{"footnotes":""},"categories":[1359],"tags":[70383,51761,58,59,52292,1011,27,51766,1031,973],"class_list":{"0":"post-590453","1":"post","2":"type-post","3":"status-publish","4":"format-standard","5":"has-post-thumbnail","7":"category-people","8":"tag-cms-journaldesfemmes-3249858","9":"tag-controller-content","10":"tag-divertissement","11":"tag-entertainment","12":"tag-format-reportage","13":"tag-fr","14":"tag-france","15":"tag-les-histoires-du-jdf","16":"tag-magazine","17":"tag-people"},"share_on_mastodon":{"url":"https:\/\/pubeurope.com\/@fr\/115694792881696301","error":""},"_links":{"self":[{"href":"https:\/\/www.europesays.com\/fr\/wp-json\/wp\/v2\/posts\/590453","targetHints":{"allow":["GET"]}}],"collection":[{"href":"https:\/\/www.europesays.com\/fr\/wp-json\/wp\/v2\/posts"}],"about":[{"href":"https:\/\/www.europesays.com\/fr\/wp-json\/wp\/v2\/types\/post"}],"author":[{"embeddable":true,"href":"https:\/\/www.europesays.com\/fr\/wp-json\/wp\/v2\/users\/2"}],"replies":[{"embeddable":true,"href":"https:\/\/www.europesays.com\/fr\/wp-json\/wp\/v2\/comments?post=590453"}],"version-history":[{"count":0,"href":"https:\/\/www.europesays.com\/fr\/wp-json\/wp\/v2\/posts\/590453\/revisions"}],"wp:featuredmedia":[{"embeddable":true,"href":"https:\/\/www.europesays.com\/fr\/wp-json\/wp\/v2\/media\/590454"}],"wp:attachment":[{"href":"https:\/\/www.europesays.com\/fr\/wp-json\/wp\/v2\/media?parent=590453"}],"wp:term":[{"taxonomy":"category","embeddable":true,"href":"https:\/\/www.europesays.com\/fr\/wp-json\/wp\/v2\/categories?post=590453"},{"taxonomy":"post_tag","embeddable":true,"href":"https:\/\/www.europesays.com\/fr\/wp-json\/wp\/v2\/tags?post=590453"}],"curies":[{"name":"wp","href":"https:\/\/api.w.org\/{rel}","templated":true}]}}