{"id":590455,"date":"2025-12-10T10:26:13","date_gmt":"2025-12-10T10:26:13","guid":{"rendered":"https:\/\/www.europesays.com\/fr\/590455\/"},"modified":"2025-12-10T10:26:13","modified_gmt":"2025-12-10T10:26:13","slug":"cette-gare-francilienne-vient-detre-elue-la-plus-belle-du-monde","status":"publish","type":"post","link":"https:\/\/www.europesays.com\/fr\/590455\/","title":{"rendered":"Cette gare francilienne vient d\u2019\u00eatre \u00e9lue la plus belle du monde"},"content":{"rendered":"<p>D\u00e9but novembre, le<strong> Prix Versailles<\/strong> d\u00e9voilait <a href=\"https:\/\/www.lebonbon.fr\/paris\/news\/deux-gares-ile-de-france-plus-belles-monde\/\" target=\"_blank\" rel=\"noopener\"><strong>sa s\u00e9lection des plus belles gares et stations du monde<\/strong><\/a>. Apr\u00e8s <strong>quelques semaines de d\u00e9lib\u00e9rations<\/strong>, le <strong>palmar\u00e8s final<\/strong> vient de tomber, et bonne nouvelle, la<strong> grande gagnante<\/strong> n\u2019est autre\u2026 que l\u2019une des toutes <strong>nouvelles stations de m\u00e9tro<\/strong> imagin\u00e9es par le <strong>Grand Paris Express.<\/strong> Mais alors<strong> lequel de ces arr\u00eats<\/strong> m\u00e9rite une telle distinction\u00a0?<\/p>\n<p>&#13;<br \/>\n<br \/>Une construction \u00e0 couper le souffle&#13;<\/p>\n<p>Et la grande gagnante est\u2026 <strong>la gare de Villejuif-Gustave Roussy<\/strong>, desservie par <strong>la <a href=\"https:\/\/www.lebonbon.fr\/paris\/news\/metro-ligne-14-records-frequence\/\" target=\"_blank\" rel=\"noopener\">ligne 14 <\/a>et bient\u00f4t la ligne 15<\/strong>, inaugur\u00e9e au mois de <strong>janvier dernier.<\/strong> Une <strong>v\u00e9ritable prouesse architecturale<\/strong>, au design bluffant, et tout simplement fascinant. Et pour cause, ce ne sont pas moins de <strong>9 \u00e9tages<\/strong> s\u2019enfon\u00e7ant sous la terre qui attendent les passagers. Ils devront alors<strong> s\u2019enfoncer dans les m\u00e9andres de la terre <\/strong>pour gagner le <strong>quai de la 14 au -7, ou celui de la 15 au -9<\/strong>, \u00e0 pr\u00e8s de 50 m\u00e8tres en dessous du niveau de la mer.<\/p>\n<p>&#13;<\/p>\n<blockquote class=\"instagram-media\" data-instgrm-permalink=\"https:\/\/www.instagram.com\/p\/DRd_Xz0DK9z\/?utm_source=ig_embed&amp;utm_campaign=loading\" data-instgrm-version=\"14\" style=\"background: #FFF; border: 0; border-radius: 3px; box-shadow: 0 0 1px 0 rgba(0,0,0,0.5),0 1px 10px 0 rgba(0,0,0,0.15); margin: 1px; max-width: 540px; min-width: 326px; padding: 0; width: calc(100% - 2px);\"><p>&#13;<br \/>\n&#13;\n<\/p><\/blockquote>\n<p>&#13;<br \/>\n&#13;<\/p>\n<p>Pour desservir<strong> ce labyrinthe sous terre<\/strong>, imagin\u00e9 par l&rsquo;architecte <strong>Dominique Perrault<\/strong> (\u00e9galement \u00e0 l\u2019origine de la <strong>BnF<\/strong> et de ses 4 livres monumentaux), les Franciliens auront \u00e0 leur disposition <strong>32 escalators et 16 ascenseurs<\/strong>. Et chaque espace de ce nouveau b\u00e2timent sera bien \u00e9videmment<strong> accessible aux personnes \u00e0 mobilit\u00e9 r\u00e9duite (PMR)<\/strong>. Mais il faudra cependant attendre <a href=\"https:\/\/www.lebonbon.fr\/paris\/cine-series\/metro-ouverture-ligne-15-repoussee\/\" target=\"_blank\" rel=\"noopener\"><strong>2027<\/strong><\/a> pour pouvoir profiter de la<strong> jonction avec la 15.<\/strong><\/p>\n<p>&#13;<br \/>\n<br \/>Un v\u00e9ritable \u00e9crin de lumi\u00e8re&#13;<\/p>\n<p>Pour (litt\u00e9ralement)<strong> couronner le design<\/strong> pas comme les autres de cette<strong> station unique au monde<\/strong>, l&rsquo;architecte a imagin\u00e9 une <strong>immense verri\u00e8re<\/strong> <strong>arrondie et stri\u00e9<\/strong>e, \u00e0 la mani\u00e8re d\u2019un<strong> chapiteau de <a href=\"https:\/\/www.lebonbon.fr\/paris\/culture\/cirque-mythique-feerique-paris\/\" target=\"_blank\" rel=\"noopener\">cirque<\/a><\/strong>. Un <strong>gigantesque puits de lumi\u00e8re<\/strong>, qui permet d\u2019\u00e9clairer \u00e0 la <strong>lumi\u00e8re du jour l\u2019int\u00e9gralit\u00e9 de l\u2019\u00e9difice<\/strong>, et ce, jusqu\u2019aux quais les plus profonds.<\/p>\n<p>&#13;<\/p>\n<blockquote class=\"instagram-media\" data-instgrm-permalink=\"https:\/\/www.instagram.com\/p\/DP_00kyDCqB\/?utm_source=ig_embed&amp;utm_campaign=loading\" data-instgrm-version=\"14\" style=\"background: #FFF; border: 0; border-radius: 3px; box-shadow: 0 0 1px 0 rgba(0,0,0,0.5),0 1px 10px 0 rgba(0,0,0,0.15); margin: 1px; max-width: 540px; min-width: 326px; padding: 0; width: calc(100% - 2px);\"><p>&#13;<br \/>\n&#13;\n<\/p><\/blockquote>\n<p>&#13;<br \/>\n&#13;<\/p>\n<p>Un autre plafond se d\u00e9tachera \u00e9galement du reste, <strong>celui du quai de la ligne 15<\/strong>, qui sera int\u00e9gralement recouvert par une \u0153uvre de <strong>l\u2019artiste <a href=\"https:\/\/www.lebonbon.fr\/paris\/news\/chien-interrompt-match-foot-chili-reclame-papouilles\/\" target=\"_blank\" rel=\"noopener\">chilien<\/a> Iv\u00e1n Navarro.<\/strong> Elle sera r\u00e9alis\u00e9e \u00e0 l\u2019aide de <strong>58 caissons lumineux<\/strong> \u2014 histoire de continuer un peu \u00e0 \u00e9clairer la voie \u2014 comportant le nom d\u2019un<strong> certain nombre d\u2019astres stellaires<\/strong>. Rendez-vous en <strong>2027<\/strong> pour d\u00e9couvrir tout \u00e7a, et savoir si la station <strong>saura conserver son titre d\u2019ici l\u00e0\u00a0!<\/strong><\/p>\n<p><script async src=\"\/\/www.instagram.com\/embed.js\"><\/script><\/p>\n","protected":false},"excerpt":{"rendered":"D\u00e9but novembre, le Prix Versailles d\u00e9voilait sa s\u00e9lection des plus belles gares et stations du monde. Apr\u00e8s quelques&hellip;\n","protected":false},"author":2,"featured_media":590456,"comment_status":"","ping_status":"","sticky":false,"template":"","format":"standard","meta":{"footnotes":""},"categories":[1358],"tags":[1348,1384,1385,1386,58,59,1011,27],"class_list":{"0":"post-590455","1":"post","2":"type-post","3":"status-publish","4":"format-standard","5":"has-post-thumbnail","7":"category-arts-et-design","8":"tag-arts","9":"tag-arts-and-design","10":"tag-arts-et-design","11":"tag-design","12":"tag-divertissement","13":"tag-entertainment","14":"tag-fr","15":"tag-france"},"share_on_mastodon":{"url":"https:\/\/pubeurope.com\/@fr\/115694795704947890","error":""},"_links":{"self":[{"href":"https:\/\/www.europesays.com\/fr\/wp-json\/wp\/v2\/posts\/590455","targetHints":{"allow":["GET"]}}],"collection":[{"href":"https:\/\/www.europesays.com\/fr\/wp-json\/wp\/v2\/posts"}],"about":[{"href":"https:\/\/www.europesays.com\/fr\/wp-json\/wp\/v2\/types\/post"}],"author":[{"embeddable":true,"href":"https:\/\/www.europesays.com\/fr\/wp-json\/wp\/v2\/users\/2"}],"replies":[{"embeddable":true,"href":"https:\/\/www.europesays.com\/fr\/wp-json\/wp\/v2\/comments?post=590455"}],"version-history":[{"count":0,"href":"https:\/\/www.europesays.com\/fr\/wp-json\/wp\/v2\/posts\/590455\/revisions"}],"wp:featuredmedia":[{"embeddable":true,"href":"https:\/\/www.europesays.com\/fr\/wp-json\/wp\/v2\/media\/590456"}],"wp:attachment":[{"href":"https:\/\/www.europesays.com\/fr\/wp-json\/wp\/v2\/media?parent=590455"}],"wp:term":[{"taxonomy":"category","embeddable":true,"href":"https:\/\/www.europesays.com\/fr\/wp-json\/wp\/v2\/categories?post=590455"},{"taxonomy":"post_tag","embeddable":true,"href":"https:\/\/www.europesays.com\/fr\/wp-json\/wp\/v2\/tags?post=590455"}],"curies":[{"name":"wp","href":"https:\/\/api.w.org\/{rel}","templated":true}]}}