{"id":590457,"date":"2025-12-10T10:28:12","date_gmt":"2025-12-10T10:28:12","guid":{"rendered":"https:\/\/www.europesays.com\/fr\/590457\/"},"modified":"2025-12-10T10:28:12","modified_gmt":"2025-12-10T10:28:12","slug":"fin-de-la-saison-1-expliquee","status":"publish","type":"post","link":"https:\/\/www.europesays.com\/fr\/590457\/","title":{"rendered":"fin de la saison 1 expliqu\u00e9e"},"content":{"rendered":"<p>Percy Jackson n\u2019avait rien d\u2019un h\u00e9ros. Difficile \u00e0 canaliser, il<br \/>\npensait souffrir de troubles de l\u2019attention\u2026 jusqu\u2019au jour o\u00f9 un<br \/>\nmonstre surgit dans son lyc\u00e9e, r\u00e9v\u00e9lant sa nature de sang-m\u00eal\u00e9.<br \/>\nProt\u00e9g\u00e9 par sa m\u00e8re Sally, Percy apprend qu\u2019il est le fils de<br \/>\nPos\u00e9idon, en violation directe du Pacte des Trois, un serment entre<br \/>\nZeus, Had\u00e8s et Pos\u00e9idon de ne plus avoir d\u2019enfants.<\/p>\n<p>Pour le prot\u00e9ger des monstres, Sally avait choisi de vivre avec<br \/>\nGabe, dont l\u2019odeur repoussante masquait la trace magique de Percy.<br \/>\nUn stratag\u00e8me audacieux, mais vou\u00e9 \u00e0 l\u2019\u00e9chec\u202f: <a href=\"https:\/\/www.melty.fr\/tag\/percy-jackson\" target=\"_blank\" rel=\"noopener\">le jeune h\u00e9ros est vite<br \/>\nembarqu\u00e9 dans une qu\u00eate \u00e0 travers les \u00c9tats-Unis<\/a> pour retrouver<br \/>\nl\u2019\u00c9clair de Zeus, accus\u00e9 \u00e0 tort de l\u2019avoir vol\u00e9.<\/p>\n<p>Une qu\u00eate entre trahisons, r\u00e9v\u00e9lations et sacrifice<\/p>\n<p>Accompagn\u00e9 d\u2019Annabeth et de Grover, Percy d\u00e9couvre que l\u2019\u00c9clair<br \/>\nest suppos\u00e9ment entre les mains de Had\u00e8s. Mais leur p\u00e9riple d\u00e9voile<br \/>\nrapidement une machination plus complexe\u202f: le v\u00e9ritable plan vise \u00e0<br \/>\nsemer le chaos parmi les dieux. Ar\u00e8s, le dieu de la guerre, tente<br \/>\nm\u00eame d\u2019humilier Percy en le for\u00e7ant \u00e0 r\u00e9cup\u00e9rer son bouclier.<br \/>\nContre toute attente, le demi-dieu le blesse en duel, un exploit<br \/>\nin\u00e9dit pour un mortel.<\/p>\n<p>Pendant ce temps, Sally a \u00e9t\u00e9 enlev\u00e9e par le Minotaure et<br \/>\nemmen\u00e9e aux Enfers. Percy conclut un march\u00e9 avec Had\u00e8s : en \u00e9change<br \/>\ndu retour du Heaume des T\u00e9n\u00e8bres, sa m\u00e8re pourra revenir parmi les<br \/>\nvivants. C\u2019est un succ\u00e8s, mais le jeune h\u00e9ros comprend vite qu\u2019il a<br \/>\n\u00e9t\u00e9 manipul\u00e9.<\/p>\n<p>Luke, Cronos et l\u2019ombre d\u2019une guerre plus grande<\/p>\n<p>L\u2019auteur du vol n\u2019est ni Had\u00e8s, ni Ar\u00e8s\u2026 mais Luke Castellan,<br \/>\nfils d\u2019Herm\u00e8s, qu\u2019on croyait \u00eatre l\u2019alli\u00e9 de Percy. Ce dernier<br \/>\nagissait pour le compte de Cronos, le titan d\u00e9chu. \u00ab\u00a0Il agit pour<br \/>\nCronos, le roi des Titans et p\u00e8re des dieux, qui tente de se<br \/>\nreformer depuis le Tartare\u00a0\u00bb.<\/p>\n<p>Le plan \u00e9tait simple : faire accuser Percy pour d\u00e9clencher une<br \/>\nguerre divine, ouvrant la voie \u00e0 la lib\u00e9ration de Cronos. L\u2019\u00c9clair<br \/>\nde Zeus avait \u00e9t\u00e9 discr\u00e8tement gliss\u00e9 dans le sac de Percy, afin de<br \/>\nle pi\u00e9ger. \u00ab\u00a0Cronos est la voix dans les cauchemars de Percy, le<br \/>\nv\u00e9ritable marionnettiste qui attend son heure pour d\u00e9truire<br \/>\nl\u2019Olympe\u00a0\u00bb.<\/p>\n<p>Luke finit par s\u2019\u00e9chapper, posant les jalons de la prochaine<br \/>\nconfrontation. D\u2019apr\u00e8s les livres, il jouera un r\u00f4le central dans<br \/>\nl\u2019attaque contre la Colonie des Sang-M\u00eal\u00e9.<\/p>\n<p>Ce que la saison 2 promet avec la Mer<br \/>\ndes Monstres<\/p>\n<p>Alors que Percy rentre au camp, un nouvel enjeu \u00e9merge : Thalia,<br \/>\nla fille de Zeus transform\u00e9e en arbre pour prot\u00e9ger la Colonie,<br \/>\nvoit sa barri\u00e8re magique menac\u00e9e. Empoisonn\u00e9, l\u2019arbre condamne les<br \/>\ndemi-dieux \u00e0 \u00eatre expos\u00e9s aux monstres. Pour sauver le camp, une<br \/>\nseule solution\u202f: retrouver la Toison d\u2019Or dans la Mer des<br \/>\nMonstres.<\/p>\n<p><a href=\"https:\/\/www.melty.fr\/series\/the-last-frontier-y-aura-t-il-une-saison-2-2280506.html\" target=\"_blank\" rel=\"noopener\"><br \/>\nCette saison 2 s\u2019annonce encore plus p\u00e9rilleuse<\/a>. La proph\u00e9tie<br \/>\nplane toujours\u202f: Percy sera trahi par un ami. La fronti\u00e8re entre<br \/>\nalli\u00e9s et ennemis n\u2019a jamais \u00e9t\u00e9 aussi floue.<\/p>\n","protected":false},"excerpt":{"rendered":"Percy Jackson n\u2019avait rien d\u2019un h\u00e9ros. Difficile \u00e0 canaliser, il pensait souffrir de troubles de l\u2019attention\u2026 jusqu\u2019au jour&hellip;\n","protected":false},"author":2,"featured_media":590458,"comment_status":"","ping_status":"","sticky":false,"template":"","format":"standard","meta":{"footnotes":""},"categories":[1356],"tags":[520,58,59,1011,27,252,1364],"class_list":{"0":"post-590457","1":"post","2":"type-post","3":"status-publish","4":"format-standard","5":"has-post-thumbnail","7":"category-television","8":"tag-disney","9":"tag-divertissement","10":"tag-entertainment","11":"tag-fr","12":"tag-france","13":"tag-television","14":"tag-tv"},"share_on_mastodon":{"url":"https:\/\/pubeurope.com\/@fr\/115694803650476567","error":""},"_links":{"self":[{"href":"https:\/\/www.europesays.com\/fr\/wp-json\/wp\/v2\/posts\/590457","targetHints":{"allow":["GET"]}}],"collection":[{"href":"https:\/\/www.europesays.com\/fr\/wp-json\/wp\/v2\/posts"}],"about":[{"href":"https:\/\/www.europesays.com\/fr\/wp-json\/wp\/v2\/types\/post"}],"author":[{"embeddable":true,"href":"https:\/\/www.europesays.com\/fr\/wp-json\/wp\/v2\/users\/2"}],"replies":[{"embeddable":true,"href":"https:\/\/www.europesays.com\/fr\/wp-json\/wp\/v2\/comments?post=590457"}],"version-history":[{"count":0,"href":"https:\/\/www.europesays.com\/fr\/wp-json\/wp\/v2\/posts\/590457\/revisions"}],"wp:featuredmedia":[{"embeddable":true,"href":"https:\/\/www.europesays.com\/fr\/wp-json\/wp\/v2\/media\/590458"}],"wp:attachment":[{"href":"https:\/\/www.europesays.com\/fr\/wp-json\/wp\/v2\/media?parent=590457"}],"wp:term":[{"taxonomy":"category","embeddable":true,"href":"https:\/\/www.europesays.com\/fr\/wp-json\/wp\/v2\/categories?post=590457"},{"taxonomy":"post_tag","embeddable":true,"href":"https:\/\/www.europesays.com\/fr\/wp-json\/wp\/v2\/tags?post=590457"}],"curies":[{"name":"wp","href":"https:\/\/api.w.org\/{rel}","templated":true}]}}