{"id":590460,"date":"2025-12-10T10:30:18","date_gmt":"2025-12-10T10:30:18","guid":{"rendered":"https:\/\/www.europesays.com\/fr\/590460\/"},"modified":"2025-12-10T10:30:18","modified_gmt":"2025-12-10T10:30:18","slug":"girls-for-tomorrow-les-jours-dapres-liberation","status":"publish","type":"post","link":"https:\/\/www.europesays.com\/fr\/590460\/","title":{"rendered":"\u00abGirls for Tomorrow\u00bb, les jours d\u2019apr\u00e8s &#8211; Lib\u00e9ration"},"content":{"rendered":"<ol>\n<li><a href=\"https:\/\/news.google.com\/rss\/articles\/CBMiswFBVV95cUxOYmg2TEUzdlhyUU01b19KRGpyMTdqWjVnbkNuWnpHWWZweG5CcWhKM05IRzZ2ZXhBVi1QZGlOMXlETnF6MFM3Q1U2ODliNE96ZUFnX0E3V1Z4WFhQZnJBNC1pUEpSTHVCNlJveDUzVkpfdXBFdUJsUzdxa3BqanhmN25YeXZ2RWk2ZEQ4eHRkTkRBTHdpX3ZPc0t6UWZEOHlYMzhaNm04elZLZzdGUmVjR2xuWQ?oc=5\" target=\"_blank\" rel=\"noopener\">\u00abGirls for Tomorrow\u00bb, les jours d\u2019apr\u00e8s<\/a>&nbsp;&nbsp;Lib\u00e9ration<\/li>\n<li><a href=\"https:\/\/news.google.com\/rss\/articles\/CBMingFBVV95cUxORjJDYjZobmRHdTRmLUg5bjRpclRyVGQ5RVoxMFNRNTItOF9UVU5VdFRPVnBGMnZ6QUYyMHBsZ21ScHI2ZlhIMHM4bEp5ZmN4MjU5Mk82WjUxUDRQemVvbGpVTS12RlF1NUtEcnZwbTRyX0RTeU1JcGE5WUZIRkNTSXhVb2h3VFJnWk9mRHNqYkptVzJEeV9RLU9fbmFrZw?oc=5\" target=\"_blank\" rel=\"noopener\">\u201cGirls for Tomorrow\u201d, de Nora Philippe : notre critique<\/a>&nbsp;&nbsp;T\u00e9l\u00e9rama<\/li>\n<li><a href=\"https:\/\/news.google.com\/rss\/articles\/CBMi5wFBVV95cUxOc3ZxcGEySGE4Q2lNRktWRzlweGVpbVFJLUxPX19mLUNEdU4tcjBZZnplUDMwbE1PVWpuVy1VSFV3MkFBNlhqQ3N3VkRMNGVKeml1UzMtekdTQmU1UzlRNzFRdjE0MHc3Rmc2TWprdjhzUkdUczZfSzZSYTBfVnpEcGJPUmR2UFZSbWIweEYwVEFRelpoNDBvazVHdVNSUGUtaWVXYjZDOTMwRXozTGxaSlJJMDVEcnVVTWdKbUpZV2lsVm1UanA0dkV3ZEhFY29fTGx1MHlNdWFZU0N1SDEyQW5kQUNCVlk?oc=5\" target=\"_blank\" rel=\"noopener\">\u201cGirls for Tomorrow\u201d : un documentaire salutaire sur une bataille f\u00e9ministe que l\u2019on croyait gagn\u00e9e<\/a>&nbsp;&nbsp;Le Nouvel Obs<\/li>\n<li><a href=\"https:\/\/news.google.com\/rss\/articles\/CBMiqgFBVV95cUxQVUE3MmItWnI2UkItdmU3dVBTV2liNHFaOGRPcE96aUFTRHhLN194dldqWkhVRldaVUNIOEpHYU1jMExrcUdUYTd3STk2ZnRISzlPY2xGZW16cm9fSTdLWHBXeTMwNHBSVzIwaTNOdXNtQ242bkJHQTJVUlNQTE5rWHg3aXhTZElvQ1B2Vll3MXBMZWozaGlpSERack1sWi1peElKZlQ2dHN6Zw?oc=5\" target=\"_blank\" rel=\"noopener\">\u00ab Girls for tomorrow \u00bb : saurons-nous \u00eatre fort\u00b7es et fragiles ?<\/a>&nbsp;&nbsp;Le Club de Mediapart<\/li>\n<li><a href=\"https:\/\/news.google.com\/rss\/articles\/CBMirwFBVV95cUxOa041NnNyQ3pIREJSZGc3RFNrRklocGQ3VEp5a0M4OVQ1ckdyTTV2SWtHQV9rTWJrek5CS1JVSTJRdUgzaEJpQUJZRTVwTzd0TWdVR00zMTRzSEhGQVI0MnRPY3N6YjAwNkpnaXBuTVpRZ1RRUDZ0QUIzQVZYN3E1UzVKdFZQREpIdUttUWxVMXJfR2lJdVBYaDhlRG5PTFZRMDhyTGk2UVUyajJ3aUc0?oc=5\" target=\"_blank\" rel=\"noopener\">Cin\u00e9ma : Girls for Tomorrow (sur les r\u00e9sistances f\u00e9ministes aux \u00c9tats-Unis)<\/a>&nbsp;&nbsp;Ici-Grenoble.org<\/li>\n<\/ol>\n","protected":false},"excerpt":{"rendered":"\u00abGirls for Tomorrow\u00bb, les jours d\u2019apr\u00e8s&nbsp;&nbsp;Lib\u00e9ration \u201cGirls for Tomorrow\u201d, de Nora Philippe : notre critique&nbsp;&nbsp;T\u00e9l\u00e9rama \u201cGirls for Tomorrow\u201d&hellip;\n","protected":false},"author":2,"featured_media":590461,"comment_status":"","ping_status":"","sticky":false,"template":"","format":"standard","meta":{"footnotes":""},"categories":[1354],"tags":[58,59,1346,1011,27,1360],"class_list":{"0":"post-590460","1":"post","2":"type-post","3":"status-publish","4":"format-standard","5":"has-post-thumbnail","7":"category-films","8":"tag-divertissement","9":"tag-entertainment","10":"tag-films","11":"tag-fr","12":"tag-france","13":"tag-movies"},"share_on_mastodon":{"url":"https:\/\/pubeurope.com\/@fr\/115694811517222387","error":""},"_links":{"self":[{"href":"https:\/\/www.europesays.com\/fr\/wp-json\/wp\/v2\/posts\/590460","targetHints":{"allow":["GET"]}}],"collection":[{"href":"https:\/\/www.europesays.com\/fr\/wp-json\/wp\/v2\/posts"}],"about":[{"href":"https:\/\/www.europesays.com\/fr\/wp-json\/wp\/v2\/types\/post"}],"author":[{"embeddable":true,"href":"https:\/\/www.europesays.com\/fr\/wp-json\/wp\/v2\/users\/2"}],"replies":[{"embeddable":true,"href":"https:\/\/www.europesays.com\/fr\/wp-json\/wp\/v2\/comments?post=590460"}],"version-history":[{"count":0,"href":"https:\/\/www.europesays.com\/fr\/wp-json\/wp\/v2\/posts\/590460\/revisions"}],"wp:featuredmedia":[{"embeddable":true,"href":"https:\/\/www.europesays.com\/fr\/wp-json\/wp\/v2\/media\/590461"}],"wp:attachment":[{"href":"https:\/\/www.europesays.com\/fr\/wp-json\/wp\/v2\/media?parent=590460"}],"wp:term":[{"taxonomy":"category","embeddable":true,"href":"https:\/\/www.europesays.com\/fr\/wp-json\/wp\/v2\/categories?post=590460"},{"taxonomy":"post_tag","embeddable":true,"href":"https:\/\/www.europesays.com\/fr\/wp-json\/wp\/v2\/tags?post=590460"}],"curies":[{"name":"wp","href":"https:\/\/api.w.org\/{rel}","templated":true}]}}