{"id":590462,"date":"2025-12-10T10:31:13","date_gmt":"2025-12-10T10:31:13","guid":{"rendered":"https:\/\/www.europesays.com\/fr\/590462\/"},"modified":"2025-12-10T10:31:13","modified_gmt":"2025-12-10T10:31:13","slug":"pneumomie-un-nouveau-vaccin-arrive-pour-proteger-les-adultes-de-cette-infection-des-poumons-encore-trop-meurtriere-medisite-fr","status":"publish","type":"post","link":"https:\/\/www.europesays.com\/fr\/590462\/","title":{"rendered":"Pneumomie : un nouveau vaccin arrive pour prot\u00e9ger les adultes de cette infection des poumons encore trop meurtri\u00e8re &#8211; Medisite.fr"},"content":{"rendered":"<ol>\n<li><a href=\"https:\/\/news.google.com\/rss\/articles\/CBMi-wFBVV95cUxNVlhuWkVwWFZPMWdtemhJTVM0VDdmcmlvTGIwU0dOc0tKREp6RWp4OUVrVnFrSmd6Q2I2WVpJdDlSeTRPVS1fSXgxeEdqeHJEVk1mSGFGZEpZVHpfcU9TaHo5NHh6TWQ2TEJBSDF2SGFldkJYN1c2d3FHbnlNV243OUloM1BPcUNaV2Noem1RZW5oNzhPM3J1V2YxNzc4V1QyYmN6VENmZ0FuVzM1M2M5XzE0eldHdTI4VTJpTVcxNHZoRW9BQjRjQ3hua2FDTl9IWmtmaHJhY3NpUWZHS0JsdnhDNUR1TnJiLTNaazdOYW02WkprbnFiNi01Zw?oc=5\" target=\"_blank\" rel=\"noopener\">Pneumomie : un nouveau vaccin arrive pour prot\u00e9ger les adultes de cette infection des poumons encore trop meurtri\u00e8re<\/a>&nbsp;&nbsp;Medisite.fr<\/li>\n<li><a href=\"https:\/\/news.google.com\/rss\/articles\/CBMi_AFBVV95cUxNczVvRGNSUVZvcVdqQlM0Uk8tZnQwMHlNMDBvRk41c1dBNHR5ZTdEMEN3NlZHWHQ4TWVlNjZ1cVAwbUlMdTZyWHp6b2dHZF9YbnZRWUxFbVY5ZVB3akw4YjUyTUtuQ2lXU3ZMUlZQWXNiVDdseDUtd2VjSHQtRWt5bEpQTmxOSzZDekFHSGh1TmVnT0xiT3YtWDlLM1BoeUdxOGZSaHBkTjhjeEZjMHc2MXNIM0tCRWNQLWoyWGd3NzJMdnlqZ3RnLUppM0NGd0hUWmNoLWtiN19ucC1qZ3pITGpqenlYbjJtZ3hOYlhmT0JIUlNXWGZNcGh3RmE?oc=5\" target=\"_blank\" rel=\"noopener\">La Saskatchewan ajoute CAPVAXIVE\u00ae \u00e0 son programme d&rsquo;immunisation pour les adultes financ\u00e9 par les fonds publics<\/a>&nbsp;&nbsp;Newswire Canada<\/li>\n<li><a href=\"https:\/\/news.google.com\/rss\/articles\/CBMinwFBVV95cUxPN3dMSkM0Rk5JaUh3dTM3N012UldrQURHWDE0X0JPU182UUpxWnE3SmVRWW1MR3l6aVQxbC0yMi1kWUwtaDNBOHk5RDhRWFlZTGFUWlE3dUFBcExpeElaUFVVSllnZFZlT0UxakY0eUJPNTh2WnpjaE0ySENHQnlqNU9BdktLMEdsTjRUZE1VMGdNaS0zVzEtdFBNd0l3TkU?oc=5\" target=\"_blank\" rel=\"noopener\">Infections \u00e0 pneumocoques : lancement de CAPVAXIVE, nouveau vaccin \u00e0 21 valences, sp\u00e9cifiquement d\u00e9velopp\u00e9 pour les adultes<\/a>&nbsp;&nbsp;Medscape<\/li>\n<li><a href=\"https:\/\/news.google.com\/rss\/articles\/CBMi4gFBVV95cUxOZ21qZFdidjJFai1mdUVYVHVWMnA4c0dkTzVqTnVlRWI1WDI2NWpWdWhTMVU2U2txRkdJazJIZHgyS1lqSTZ1N1E4cTdocFhwWjFwc1p4R3hXMXVMeUVESDZ6VThTSlg3T01zaS1jbFFIQ0dIZVlpd2NoeHVMdlhQX2VZWThWb3FJU3VfZjJvR1JjVWMyUVV3MnhHN1pOOHBpUHBjUTdsWURMMlJqaHFjRkdxSlRCWWJ0Nk5nakMxRk81YnhvcWhoUWd1VFd1aWlVNnR2OGhsQnltMGNfQU12eWFB?oc=5\" target=\"_blank\" rel=\"noopener\">Infections \u00e0 pneumocoques : un nouveau vaccin sp\u00e9cifiquement d\u00e9velopp\u00e9 pour les adultes<\/a>&nbsp;&nbsp;Fr\u00e9quence m\u00e9dicale<\/li>\n<li><a href=\"https:\/\/news.google.com\/rss\/articles\/CBMi1AFBVV95cUxOdmJxZFdpTnQycFgyblVSQ1MtTzE0V0p1d19XQkNGV1ZUc0lDOXo0QUhZZWJ6QjAzbFhYajBIa0VEZzE0MElTNEU4Z3EyYWk3bEYxQkhkWmk0RWI0dVNyV1BNZ0NveVo5UHZGbFl0TU9NR0lBSVY2eG9QLS1NNG1jN3ppU1V6YWdLZ1d4WTgyTE02VzVnRDM1M1RObkNDRFg1OFFCMkl6d2x1MjRVcFk4cjR4amFsQTdzSFRnLVpqeHozTmpPYkdOVjBKcmZxU05yUHRZNw?oc=5\" target=\"_blank\" rel=\"noopener\">Capvaxive : un nouveau vaccin contre les infections \u00e0 pneumocoques chez l\u2019adulte<\/a>&nbsp;&nbsp;Le Quotidien du Pharmacien<\/li>\n<\/ol>\n","protected":false},"excerpt":{"rendered":"Pneumomie : un nouveau vaccin arrive pour prot\u00e9ger les adultes de cette infection des poumons encore trop meurtri\u00e8re&nbsp;&nbsp;Medisite.fr&hellip;\n","protected":false},"author":2,"featured_media":395849,"comment_status":"","ping_status":"","sticky":false,"template":"","format":"standard","meta":{"footnotes":""},"categories":[10],"tags":[1011,27,72,71],"class_list":{"0":"post-590462","1":"post","2":"type-post","3":"status-publish","4":"format-standard","5":"has-post-thumbnail","7":"category-sante","8":"tag-fr","9":"tag-france","10":"tag-health","11":"tag-sante"},"share_on_mastodon":{"url":"https:\/\/pubeurope.com\/@fr\/115694815492315586","error":""},"_links":{"self":[{"href":"https:\/\/www.europesays.com\/fr\/wp-json\/wp\/v2\/posts\/590462","targetHints":{"allow":["GET"]}}],"collection":[{"href":"https:\/\/www.europesays.com\/fr\/wp-json\/wp\/v2\/posts"}],"about":[{"href":"https:\/\/www.europesays.com\/fr\/wp-json\/wp\/v2\/types\/post"}],"author":[{"embeddable":true,"href":"https:\/\/www.europesays.com\/fr\/wp-json\/wp\/v2\/users\/2"}],"replies":[{"embeddable":true,"href":"https:\/\/www.europesays.com\/fr\/wp-json\/wp\/v2\/comments?post=590462"}],"version-history":[{"count":0,"href":"https:\/\/www.europesays.com\/fr\/wp-json\/wp\/v2\/posts\/590462\/revisions"}],"wp:featuredmedia":[{"embeddable":true,"href":"https:\/\/www.europesays.com\/fr\/wp-json\/wp\/v2\/media\/395849"}],"wp:attachment":[{"href":"https:\/\/www.europesays.com\/fr\/wp-json\/wp\/v2\/media?parent=590462"}],"wp:term":[{"taxonomy":"category","embeddable":true,"href":"https:\/\/www.europesays.com\/fr\/wp-json\/wp\/v2\/categories?post=590462"},{"taxonomy":"post_tag","embeddable":true,"href":"https:\/\/www.europesays.com\/fr\/wp-json\/wp\/v2\/tags?post=590462"}],"curies":[{"name":"wp","href":"https:\/\/api.w.org\/{rel}","templated":true}]}}