{"id":590463,"date":"2025-12-10T10:32:10","date_gmt":"2025-12-10T10:32:10","guid":{"rendered":"https:\/\/www.europesays.com\/fr\/590463\/"},"modified":"2025-12-10T10:32:10","modified_gmt":"2025-12-10T10:32:10","slug":"un-nouveau-candidat-etonnant-pour-remplacer-xabi-alonso","status":"publish","type":"post","link":"https:\/\/www.europesays.com\/fr\/590463\/","title":{"rendered":"un nouveau candidat \u00e9tonnant pour remplacer Xabi Alonso"},"content":{"rendered":"<p><a href=\"https:\/\/www.footmercato.net\/live\/3094760472330410399-real-madrid-vs-manchester-city\" target=\"_blank\" rel=\"noopener\">Ce choc entre le Real Madrid et Manchester City<\/a> risque bien d\u2019\u00eatre le dernier match de <a href=\"https:\/\/www.footmercato.net\/entraineur\/xabier-alonso-olano\" target=\"_blank\" rel=\"noopener\">Xabi Alonso<\/a> \u00e0 la t\u00eate des Merengues. Tout autre r\u00e9sultat qu\u2019une victoire scellerait le sort de l\u2019ancien milieu de terrain, et en Espagne, on parle d\u00e9j\u00e0 de son successeur. Les noms d\u2019Alvaro Arbeloa, Zinedine Zidane, Santiago Solari et J\u00fcrgen Klopp reviennent ainsi de fa\u00e7on incessante depuis la d\u00e9faite 2-0 contre le Celta de dimanche soir.<\/p>\n<p>            La suite apr\u00e8s cette publicit\u00e9<\/p>\n<p>Et selon AS, les dirigeants du <a href=\"https:\/\/www.footmercato.net\/club\/real-madrid\/\" target=\"_blank\" rel=\"noopener\">Real Madrid<\/a> ont aussi Raul Gonzalez (48 ans) sur leur liste. Sans club actuellement apr\u00e8s une longue aventure sur le banc du Real Madrid Castilla, l\u2019ancien attaquant l\u00e9gendaire du club pourrait donc avoir l\u2019opportunit\u00e9 de prendre les commandes de l\u2019\u00e9quipe premi\u00e8re dans les semaines \u00e0 venir. Son profil d\u2019homme de la maison est jug\u00e9 tr\u00e8s int\u00e9ressant par les d\u00e9cideurs merengues. Affaire \u00e0 suivre\u2026 <\/p>\n<p>\n    Pub. le 10\/12\/2025 10:10<br \/>\n            &#8211; MAJ le 10\/12\/2025 11:09\n    <\/p>\n","protected":false},"excerpt":{"rendered":"Ce choc entre le Real Madrid et Manchester City risque bien d\u2019\u00eatre le dernier match de Xabi Alonso&hellip;\n","protected":false},"author":2,"featured_media":585211,"comment_status":"","ping_status":"","sticky":false,"template":"","format":"standard","meta":{"footnotes":""},"categories":[9],"tags":[1011,27,60],"class_list":{"0":"post-590463","1":"post","2":"type-post","3":"status-publish","4":"format-standard","5":"has-post-thumbnail","7":"category-sports","8":"tag-fr","9":"tag-france","10":"tag-sports"},"share_on_mastodon":{"url":"https:\/\/pubeurope.com\/@fr\/115694819459977999","error":""},"_links":{"self":[{"href":"https:\/\/www.europesays.com\/fr\/wp-json\/wp\/v2\/posts\/590463","targetHints":{"allow":["GET"]}}],"collection":[{"href":"https:\/\/www.europesays.com\/fr\/wp-json\/wp\/v2\/posts"}],"about":[{"href":"https:\/\/www.europesays.com\/fr\/wp-json\/wp\/v2\/types\/post"}],"author":[{"embeddable":true,"href":"https:\/\/www.europesays.com\/fr\/wp-json\/wp\/v2\/users\/2"}],"replies":[{"embeddable":true,"href":"https:\/\/www.europesays.com\/fr\/wp-json\/wp\/v2\/comments?post=590463"}],"version-history":[{"count":0,"href":"https:\/\/www.europesays.com\/fr\/wp-json\/wp\/v2\/posts\/590463\/revisions"}],"wp:featuredmedia":[{"embeddable":true,"href":"https:\/\/www.europesays.com\/fr\/wp-json\/wp\/v2\/media\/585211"}],"wp:attachment":[{"href":"https:\/\/www.europesays.com\/fr\/wp-json\/wp\/v2\/media?parent=590463"}],"wp:term":[{"taxonomy":"category","embeddable":true,"href":"https:\/\/www.europesays.com\/fr\/wp-json\/wp\/v2\/categories?post=590463"},{"taxonomy":"post_tag","embeddable":true,"href":"https:\/\/www.europesays.com\/fr\/wp-json\/wp\/v2\/tags?post=590463"}],"curies":[{"name":"wp","href":"https:\/\/api.w.org\/{rel}","templated":true}]}}