{"id":590464,"date":"2025-12-10T10:33:13","date_gmt":"2025-12-10T10:33:13","guid":{"rendered":"https:\/\/www.europesays.com\/fr\/590464\/"},"modified":"2025-12-10T10:33:13","modified_gmt":"2025-12-10T10:33:13","slug":"miss-france-2026-apres-la-destitution-de-ainhoa-laitete-et-julie-zitouni-qui-sont-les-nouvelles-miss-aquitaine-et-miss-provence","status":"publish","type":"post","link":"https:\/\/www.europesays.com\/fr\/590464\/","title":{"rendered":"Miss France 2026\u00a0: apr\u00e8s la destitution de A\u00efnhoa Laitete et Julie Zitouni, qui sont les nouvelles Miss Aquitaine et Miss Provence\u00a0?"},"content":{"rendered":"<p>\n                                                                Apr\u00e8s avoir tenu des propos inappropri\u00e9s, les Miss Aquitaine et Provence, A\u00efnhoa Laitete et Julie Zitouni, ont \u00e9t\u00e9 destitu\u00e9es. Leur titre a \u00e9t\u00e9 remis \u00e0 leurs premi\u00e8res dauphines\u00a0Sol\u00e8ne Videau et Manon Job. Portraits.\n                            <\/p>\n<p>Il n\u2019a pas fallu longtemps pour qu\u2019enfle une pol\u00e9mique autour de l\u2019\u00e9lection de Miss France 2026. Trois jours <a href=\"https:\/\/www.midilibre.fr\/2025\/12\/06\/direct-miss-france-2026-lou-lambert-notre-miss-languedoc-va-t-elle-remporter-la-couronne-suivez-le-concours-de-beaute-avec-nous-13095462.php\" target=\"_blank\" rel=\"noopener\">apr\u00e8s la c\u00e9r\u00e9monie, <\/a>les repr\u00e9sentantes de l\u2019Aquitaine et de la Provence, A\u00efnhoa Laitete et Julie Zitouni, se sont vues <a href=\"https:\/\/www.midilibre.fr\/2025\/12\/09\/elles-avaient-insulte-les-finalistes-de-grosses-p-on-connait-la-sanction-infligee-a-miss-provence-et-miss-aquitaine-13100019.php\" target=\"_blank\" rel=\"noopener\">d\u00e9mises de leurs titres de Miss r\u00e9gionales <\/a>apr\u00e8s avoir tenu<a href=\"https:\/\/www.midilibre.fr\/2025\/12\/07\/miss-france-2026-toutes-des-grosses-p-le-derapage-de-miss-provence-apres-lannonce-du-top-12-13096812.php\" target=\"_blank\" rel=\"noopener\"> des propos inappropri\u00e9s \u00e0 l\u2019encontre de certaines de leurs camarades.\u00a0<\/a>Malgr\u00e9 leurs excuses publiques, la sentence \u00e9tait difficilement \u00e9vitable.<\/p>\n<p>Mais du coup, c\u2019est quoi la suite\u00a0? Les deux comit\u00e9s vont-ils se retrouver sans t\u00eate couronn\u00e9e jusqu\u2019\u00e0 l\u2019\u00e9lection des futures Miss Aquitaine et Miss Provence 2027, mi-2026\u00a0? La r\u00e9ponse est non.\u00a0En pareilles circonstances, ce sont les premi\u00e8res dauphines des Miss qui se voient remettre le titre. Et si ces m\u00eames dauphines font des erreurs, ce seront les deuxi\u00e8mes dauphines. Ainsi de suite. S\u2019il n\u2019y a pas encore eu de communication officielle, c\u2019est ce qui\u00a0devrait se passer.<\/p>\n<p>Sol\u00e8ne Videau, pour l\u2019Aquitaine<\/p>\n<p>En Aquitaine, ce sera donc Sol\u00e8ne Videau qui portera haut les couleurs de sa r\u00e9gion. Premi\u00e8re dauphine lors de l\u2019\u00e9lection Miss Bordeaux en 2022, elle avait retent\u00e9 sa chance cette ann\u00e9e et d\u00e9croch\u00e9 le titre de Miss Bordeaux 2026.<\/p>\n<blockquote data-instgrm-captioned=\"\" data-instgrm-permalink=\"https:\/\/www.instagram.com\/p\/DPCEPF3Cho2\/?utm_source=ig_embed&amp;utm_campaign=loading\" data-instgrm-version=\"14\" style=\" background:#FFF; border:0; border-radius:3px; box-shadow:0 0 1px 0 rgba(0,0,0,0.5),0 1px 10px 0 rgba(0,0,0,0.15); margin: 1px; max-width:540px; min-width:326px; padding:0; width:99.375%; width:-webkit-calc(100% - 2px); width:calc(100% - 2px);\" data-class=\"instagram-media\"\/>\n<p>\u00c9tudiante en mode et en marketing, la jeune femme de 21 ans\u00a0avait d\u00e9clar\u00e9 \u00e0\u00a0<a href=\"https:\/\/www.sudouest.fr\/bordeaux\/video-miss-bordeaux-2025-solene-videau-21-ans-princesse-dans-son-chateau-23381226.php\" target=\"_blank\" rel=\"noopener\">Sud Ouest\u00a0<\/a>\u00eatre\u00a0\u00ab\u00a0tr\u00e8s heureuse d\u2019avoir d\u00e9croch\u00e9 cette belle couronne [\u2026] Je ne m\u2019y attendais pas tellement. J\u2019esp\u00e8re repr\u00e9senter au mieux la ville de Bordeaux, la ville o\u00f9 je suis n\u00e9e, o\u00f9 j\u2019ai grandi.\u00a0\u00bb Elle esp\u00e8re devenir styliste.<\/p>\n<p>Lors de l\u2019\u00e9lection r\u00e9gionale, elle s\u2019est hiss\u00e9e \u00e0 la seconde place, faisant d\u2019elle la premi\u00e8re dauphine d\u2019A\u00efnhoa Laitete.<\/p>\n<p>Manon Job, pour la Provence<\/p>\n<p>Manon Job, Miss Vaucluse 2026, avait pris sa qualification d\u00e9but juillet comme \u00ab\u00a0un d\u00e9fi personnel\u00a0\u00bb, racontait-elle alors \u00e0<a href=\"https:\/\/www.laprovence.com\/article\/societe\/19980021440934\/la-serignanaise-manon-job-couronnee-miss-vaucluse-2025-a-roussillon\" target=\"_blank\" rel=\"noopener\">\u00a0La Provence.<\/a> \u00c2g\u00e9e de 24 ans, elle expliquait \u00eatre dipl\u00f4m\u00e9e d\u2019un\u00a0\u00ab\u00a0Bachelor 3 en marketing \u00e9v\u00e9nementiel\u00a0\u00bb\u00a0et travailler dans ce domaine.\u00a0\u00ab\u00a0En \u00e9tant entrepreneur, j\u2019organise des soir\u00e9es\u00a0\u00bb.<\/p>\n<blockquote data-instgrm-captioned=\"\" data-instgrm-permalink=\"https:\/\/www.instagram.com\/p\/DMdR9GUs2VL\/?utm_source=ig_embed&amp;utm_campaign=loading\" data-instgrm-version=\"14\" style=\" background:#FFF; border:0; border-radius:3px; box-shadow:0 0 1px 0 rgba(0,0,0,0.5),0 1px 10px 0 rgba(0,0,0,0.15); margin: 1px; max-width:540px; min-width:326px; padding:0; width:99.375%; width:-webkit-calc(100% - 2px); width:calc(100% - 2px);\" data-class=\"instagram-media\"\/>\n<p>\u00ab\u00a0Mes proches me d\u00e9crivent souvent comme une personne solaire et pleine de vie\u00a0\u00bb, assurait-elle aussi dans son portait partag\u00e9\u00a0sur la page Instagram du comit\u00e9 Miss Paca.\u00a0\u00ab\u00a0La bienveillance, la g\u00e9n\u00e9rosit\u00e9 et surtout l\u2019authenticit\u00e9\u00a0\u00bb sont des \u00ab\u00a0valeurs qui lui sont ch\u00e8res\u00a0\u00bb<\/p>\n<p>Le 25, la jeune femme, qui promettait devant La Provence\u00a0de\u00a0\u00ab\u00a0tout faire pour \u00eatre qualifi\u00e9e\u00a0\u00bb, avait termin\u00e9 l\u2019aventure \u00e0 la seconde place derri\u00e8re Julie\u00a0Zitouni.<\/p>\n<p>                                                                                                                                                                                                        <script async src=\"\/\/www.instagram.com\/embed.js\"><\/script><\/p>\n","protected":false},"excerpt":{"rendered":"Apr\u00e8s avoir tenu des propos inappropri\u00e9s, les Miss Aquitaine et Provence, A\u00efnhoa Laitete et Julie Zitouni, ont \u00e9t\u00e9&hellip;\n","protected":false},"author":2,"featured_media":590465,"comment_status":"","ping_status":"","sticky":false,"template":"","format":"standard","meta":{"footnotes":""},"categories":[8],"tags":[58,59,1011,27,3034,68925],"class_list":{"0":"post-590464","1":"post","2":"type-post","3":"status-publish","4":"format-standard","5":"has-post-thumbnail","7":"category-divertissement","8":"tag-divertissement","9":"tag-entertainment","10":"tag-fr","11":"tag-france","12":"tag-miss-france","13":"tag-tu00e9lu00e9-mu00e9dias"},"share_on_mastodon":{"url":"https:\/\/pubeurope.com\/@fr\/115694823393158511","error":""},"_links":{"self":[{"href":"https:\/\/www.europesays.com\/fr\/wp-json\/wp\/v2\/posts\/590464","targetHints":{"allow":["GET"]}}],"collection":[{"href":"https:\/\/www.europesays.com\/fr\/wp-json\/wp\/v2\/posts"}],"about":[{"href":"https:\/\/www.europesays.com\/fr\/wp-json\/wp\/v2\/types\/post"}],"author":[{"embeddable":true,"href":"https:\/\/www.europesays.com\/fr\/wp-json\/wp\/v2\/users\/2"}],"replies":[{"embeddable":true,"href":"https:\/\/www.europesays.com\/fr\/wp-json\/wp\/v2\/comments?post=590464"}],"version-history":[{"count":0,"href":"https:\/\/www.europesays.com\/fr\/wp-json\/wp\/v2\/posts\/590464\/revisions"}],"wp:featuredmedia":[{"embeddable":true,"href":"https:\/\/www.europesays.com\/fr\/wp-json\/wp\/v2\/media\/590465"}],"wp:attachment":[{"href":"https:\/\/www.europesays.com\/fr\/wp-json\/wp\/v2\/media?parent=590464"}],"wp:term":[{"taxonomy":"category","embeddable":true,"href":"https:\/\/www.europesays.com\/fr\/wp-json\/wp\/v2\/categories?post=590464"},{"taxonomy":"post_tag","embeddable":true,"href":"https:\/\/www.europesays.com\/fr\/wp-json\/wp\/v2\/tags?post=590464"}],"curies":[{"name":"wp","href":"https:\/\/api.w.org\/{rel}","templated":true}]}}