{"id":590468,"date":"2025-12-10T10:35:12","date_gmt":"2025-12-10T10:35:12","guid":{"rendered":"https:\/\/www.europesays.com\/fr\/590468\/"},"modified":"2025-12-10T10:35:12","modified_gmt":"2025-12-10T10:35:12","slug":"la-banque-de-france-va-remonter-sa-prevision-de-croissance-pour-2025-et-2026","status":"publish","type":"post","link":"https:\/\/www.europesays.com\/fr\/590468\/","title":{"rendered":"la Banque de France va remonter sa pr\u00e9vision de croissance pour 2025 et 2026"},"content":{"rendered":"<p>\n    Malgr\u00e9 \u00abl\u2019incertitude politique\u00bb, l\u2019\u00e9conomie fran\u00e7aise fait preuve de r\u00e9silience, constate le gouverneur de l\u2019institution, Fran\u00e7ois Villeroy\u00a0de\u00a0Galhau.<\/p>\n<p class=\"fig-paragraph\">La Banque de France va remonter\u00a0<a href=\"http:\/\/www.lefigaro.fr\/conjoncture\/la-croissance-francaise-atteindre-au-moins-0-7-en-2025-et-0-9-en-2026-annonce-la-banque-de-france-20251112\" data-fig-type=\"NewsFlash\" data-gtm-custom-categorie=\"navigation\" data-gtm-custom-action=\"crossclick\" data-gtm-custom-label=\"Contextuel\" data-gtm-event=\"customEventSPE\" data-fig-domain=\"LEFIGARO\" target=\"_blank\" rel=\"noopener\">sa pr\u00e9vision de croissance pour cette ann\u00e9e et pour l&rsquo;ann\u00e9e prochaine<\/a>, a indiqu\u00e9 ce mercredi 10 d\u00e9cembre le gouverneur Fran\u00e7ois Villeroy\u00a0de\u00a0Galhau,\u00a0<a href=\"https:\/\/www.europe1.fr\/economie\/lincertitude-est-lennemie-de-la-croissance-insiste-le-gouverneur-de-la-banque-de-france-francois-villeroy-de-galhau-874531\" target=\"_blank\" rel=\"sponsored noopener\" data-gtm-custom-categorie=\"navigation\" data-gtm-custom-action=\"crossclick\" data-gtm-custom-label=\"Contextuel\" data-gtm-event=\"customEventSPE\">sur Europe 1<\/a>\u00a0et CNews. Lors de la publication pr\u00e9vue le 19 d\u00e9cembre, \u00abnous allons remonter un peu notre pr\u00e9vision de croissance pour cette ann\u00e9e et pour l&rsquo;ann\u00e9e prochaine. Nous \u00e9tions \u00e0 0,7% pour cette ann\u00e9e, \u00e0 0,9% pour l&rsquo;ann\u00e9e prochaine\u00bb, a-t-il indiqu\u00e9 en ajoutant qu&rsquo;il ne pouvait pas encore donner de chiffres.<\/p>\n<p class=\"fig-paragraph\">L&rsquo;Insee et le gouvernement ont d\u00e9j\u00e0 relev\u00e9 leur pr\u00e9vision de croissance \u00e0 0,8% pour 2025. Un rare optimiste justifi\u00e9 par les remont\u00e9es positives du terrain. Les chefs d\u2019entreprises interrog\u00e9s par la Banque de France \u00abconfirment que l\u2019\u00e9conomie fran\u00e7aise r\u00e9siste plut\u00f4t mieux qu\u2019on ne pourrait le croire \u00e0 l\u2019incertitude politique\u00bb et\u00a0<a href=\"http:\/\/www.lefigaro.fr\/politique\/apres-le-vote-du-budget-de-la-secu-de-mardi-quelles-sont-les-prochaines-etapes-au-parlement-20251209\" data-fig-type=\"NewsFlash\" data-gtm-custom-categorie=\"navigation\" data-gtm-custom-action=\"crossclick\" data-gtm-custom-label=\"Contextuel\" data-gtm-event=\"customEventSPE\" data-fig-domain=\"LEFIGARO\" target=\"_blank\" rel=\"noopener\">aux va-et-vient sur le budget<\/a>, relaie Fran\u00e7ois Villeroy\u00a0de\u00a0Galhau.<\/p>\n<p>                                            <a class=\"fig-a11y-skip\" href=\"#fig-a11y-skip-main-inarticle\" data-module=\"a11y-skip\" data-context=\"was @visible\"><br \/>\n    Passer la publicit\u00e9<br \/>\n<\/a>            <\/p>\n<p class=\"fig-paragraph\">Attention \u00e0 ne pas se r\u00e9jouir trop vite, pr\u00e9vient-il\u00a0: \u00abOn a \u00e9vit\u00e9 la r\u00e9cession, mais m\u00eame si on allait \u00e0 1% de croissance, \u00e7a ne suffit pas. C\u2019est de la r\u00e9silience.\u00bb \u00abL\u2019\u00e9conomie, l\u2019activit\u00e9, r\u00e9sistent malgr\u00e9 cette incertitude\u00bb politique estime le gouverneur qui rappelle qu\u2019il y a un an \u00abbeaucoup craignaient une r\u00e9cession\u00bb, qui a \u00e9t\u00e9 \u00e9vit\u00e9e.<\/p>\n<p class=\"fig-paragraph\">\u00abIl y a une estimation assez convergente qui dit qu\u2019au total, l\u2019incertitude nationale plus internationale nous co\u00fbte \u00e0 peu pr\u00e8s 0,5 point de croissance (&#8230;) et que la part nationale l\u00e0-dedans, c\u2019est au moins 0,2. Donc, si on arrivait \u00e0 sortir avec une strat\u00e9gie budg\u00e9taire et une stabilisation politique, on peut esp\u00e9rer gagner 0,2%\u00bb, selon le gouverneur.<\/p>\n<p class=\"fig-paragraph\">Le vote du budget de la s\u00e9curit\u00e9 sociale mardi \u00abje rel\u00e8ve simplement que c\u2019est une \u00e9tape franchie\u00bb, \u00abc\u2019est pas du tout la fin de ce chemin\u00bb, a insist\u00e9 Fran\u00e7ois Villeroy de Galhau. Les d\u00e9put\u00e9s ont adopt\u00e9 de peu mardi le projet de budget de la S\u00e9curit\u00e9 sociale pour 2026. Les discussions sur le budget de l\u2019\u00c9tat se poursuivront en janvier si le S\u00e9nat et l\u2019Assembl\u00e9e ne parviennent pas \u00e0 un accord, a annonc\u00e9 mercredi la porte-parole du gouvernement Maud Bregeon, excluant de facto le recours au 49.3 pour faire adopter le texte sans vote.<\/p>\n<p>                                            \u00abBaisser suffisamment le d\u00e9ficit total\u00bb<\/p>\n<p class=\"fig-paragraph\">Le gouverneur de la Banque de France a aussi rappel\u00e9 mercredi qu\u2019\u00abon ne sait pas aujourd\u2019hui si on va arriver \u00e0 baisser suffisamment le d\u00e9ficit total\u00bb. \u00abOn part de 5,4% du PIB, du poids de notre \u00e9conomie, pour ce d\u00e9ficit total. Il faut \u00eatre \u00e0 3% dans quatre ans (&#8230;) Donc, si on doit faire ce chemin en quatre ans, il faut faire le quart du chemin la premi\u00e8re ann\u00e9e. C\u2019est pour \u00e7a que moi, j\u2019ai plaid\u00e9 un d\u00e9ficit \u00e0 4,8% l\u2019an prochain\u00bb. Le gouverneur \u00abcroit qu\u2019il reste tr\u00e8s important d\u2019\u00eatre aussi proche que possible de ce chiffre de 4,8%\u00bb, \u00e0 la fois \u00abpour sortir de l\u2019\u00e9touffement progressif par la dette, parce que les int\u00e9r\u00eats de la dette prennent de plus en plus notre marge de man\u0153uvre\u00bb, et puis \u00abpour ramener la confiance\u00bb.<\/p>\n<p class=\"fig-paragraph\">Le ministre de l\u2019\u00c9conomie et des Finances Roland Lescure a pour sa part dit mercredi sur RTL souhaiter toujours que le d\u00e9ficit public (\u00c9tat, s\u00e9curit\u00e9 sociale et collectivit\u00e9s locales r\u00e9unis) soit \u00e0 \u00ab5% (du PIB) et pas au-dessus\u00bb en 2026. Cela implique que l\u2019\u00c9tat renfloue les caisses de la S\u00e9curit\u00e9 sociale de 4,5 milliards d\u2019euros apr\u00e8s le vote du projet de loi de financement de la S\u00e9curit\u00e9 sociale, celui-ci aggravant le d\u00e9ficit de la S\u00e9cu par rapport au projet initial du gouvernement. Roland Lescure consid\u00e8re que le vote la veille du budget de la S\u00e9curit\u00e9 sociale, avec un d\u00e9ficit alourdi, faisait \u00abremonter d\u2019un cran\u00bb la difficult\u00e9 d\u2019obtenir un vote du budget de l\u2019\u00c9tat, qui va devoir compenser.<\/p>\n","protected":false},"excerpt":{"rendered":"Malgr\u00e9 \u00abl\u2019incertitude politique\u00bb, l\u2019\u00e9conomie fran\u00e7aise fait preuve de r\u00e9silience, constate le gouverneur de l\u2019institution, Fran\u00e7ois Villeroy\u00a0de\u00a0Galhau. La Banque&hellip;\n","protected":false},"author":2,"featured_media":590469,"comment_status":"","ping_status":"","sticky":false,"template":"","format":"standard","meta":{"footnotes":""},"categories":[6],"tags":[24240,35,913,33,34,1011,27],"class_list":{"0":"post-590468","1":"post","2":"type-post","3":"status-publish","4":"format-standard","5":"has-post-thumbnail","7":"category-economie","8":"tag-banque-de-france","9":"tag-business","10":"tag-croissance","11":"tag-economie","12":"tag-economy","13":"tag-fr","14":"tag-france"},"share_on_mastodon":{"url":"https:\/\/pubeurope.com\/@fr\/115694831204705327","error":""},"_links":{"self":[{"href":"https:\/\/www.europesays.com\/fr\/wp-json\/wp\/v2\/posts\/590468","targetHints":{"allow":["GET"]}}],"collection":[{"href":"https:\/\/www.europesays.com\/fr\/wp-json\/wp\/v2\/posts"}],"about":[{"href":"https:\/\/www.europesays.com\/fr\/wp-json\/wp\/v2\/types\/post"}],"author":[{"embeddable":true,"href":"https:\/\/www.europesays.com\/fr\/wp-json\/wp\/v2\/users\/2"}],"replies":[{"embeddable":true,"href":"https:\/\/www.europesays.com\/fr\/wp-json\/wp\/v2\/comments?post=590468"}],"version-history":[{"count":0,"href":"https:\/\/www.europesays.com\/fr\/wp-json\/wp\/v2\/posts\/590468\/revisions"}],"wp:featuredmedia":[{"embeddable":true,"href":"https:\/\/www.europesays.com\/fr\/wp-json\/wp\/v2\/media\/590469"}],"wp:attachment":[{"href":"https:\/\/www.europesays.com\/fr\/wp-json\/wp\/v2\/media?parent=590468"}],"wp:term":[{"taxonomy":"category","embeddable":true,"href":"https:\/\/www.europesays.com\/fr\/wp-json\/wp\/v2\/categories?post=590468"},{"taxonomy":"post_tag","embeddable":true,"href":"https:\/\/www.europesays.com\/fr\/wp-json\/wp\/v2\/tags?post=590468"}],"curies":[{"name":"wp","href":"https:\/\/api.w.org\/{rel}","templated":true}]}}