{"id":590474,"date":"2025-12-10T10:39:17","date_gmt":"2025-12-10T10:39:17","guid":{"rendered":"https:\/\/www.europesays.com\/fr\/590474\/"},"modified":"2025-12-10T10:39:17","modified_gmt":"2025-12-10T10:39:17","slug":"un-mouvement-pro-palestinien-bloque-aubert-et-duval","status":"publish","type":"post","link":"https:\/\/www.europesays.com\/fr\/590474\/","title":{"rendered":"un mouvement pro palestinien bloque\u00a0Aubert et Duval"},"content":{"rendered":"<p>Le collectif BDS manifeste ce mercredi devant les locaux d\u2019Aubert et Duval pour bloquer l\u2019envoi de canons vers Isra\u00ebl. Les militants pro palestiniens soup\u00e7onnent que l\u2019entreprise de Firminy livre des armes \u00e0 Tsahal.\u00a0<\/p>\n<p>Une trentaine de personnes sont rassembl\u00e9es dans le calme depuis 8 heures en pr\u00e9sence de la d\u00e9put\u00e9e de la deuxi\u00e8me circonscription de la Loire, Andr\u00e9e Taurinya. Mais l\u2019entr\u00e9e et la sortie du site est emp\u00each\u00e9e.\u00a0<\/p>\n<p>Des policiers appel\u00e9s en renfort<\/p>\n<p>Les effectifs du commissariat de l\u2019Ondaine sont intervenus et ont proc\u00e9d\u00e9 \u00e0 un contr\u00f4le routier d\u2019un des participants qui circulait en voiture et l\u2019ont contraint dans un v\u00e9hicule de police.\u00a0Il a finalement \u00e9t\u00e9 interpell\u00e9 et conduit au commissariat. \u00ab Il n\u2019avait pas son permis de conduire et ils ne le trouvent pas dans les fichiers \u00bb, explique la d\u00e9put\u00e9e et une repr\u00e9sentante du collectif BDS, qui d\u00e9plorent l\u2019arriv\u00e9e de nombreux policiers \u00ab apr\u00e8s le contr\u00f4le routier alors que le mouvement \u00e9tait pacifiste \u00bb.<\/p>\n<p>Le collectif et la d\u00e9put\u00e9e se sont d\u00e9plac\u00e9s de quelques centaines de m\u00e8tres pour discuter avec la police.\u00a0 A 11 heures, les tractations \u00e9taient en cours.\u00a0<\/p>\n<p>Apr\u00e8s de longues minutes de discussion, les manifestants sont retourn\u00e9s vers l\u2019entr\u00e9e de l\u2019entreprise. Une vingtaine de policiers restent en position.<\/p>\n<p>Deux conducteurs de poids lourds attendent la fin du rassemblement pour se rendre dans l\u2019entreprise Aubert et D\u2019uval.<\/p>\n","protected":false},"excerpt":{"rendered":"Le collectif BDS manifeste ce mercredi devant les locaux d\u2019Aubert et Duval pour bloquer l\u2019envoi de canons vers&hellip;\n","protected":false},"author":2,"featured_media":590475,"comment_status":"","ping_status":"","sticky":false,"template":"","format":"standard","meta":{"footnotes":""},"categories":[9653],"tags":[1111,11,2430,9671,33,7539,1777,674,10282,1011,27,3367,12,25,4001],"class_list":{"0":"post-590474","1":"post","2":"type-post","3":"status-publish","4":"format-standard","5":"has-post-thumbnail","7":"category-saint-etienne","8":"tag-actu","9":"tag-actualites","10":"tag-auvergne-rhone-alpes","11":"tag-conflit-social","12":"tag-economie","13":"tag-edition-loire-sud","14":"tag-eu","15":"tag-europe","16":"tag-firminy","17":"tag-fr","18":"tag-france","19":"tag-loire","20":"tag-news","21":"tag-republique-francaise","22":"tag-saint-etienne"},"share_on_mastodon":{"url":"https:\/\/pubeurope.com\/@fr\/115694847006348233","error":""},"_links":{"self":[{"href":"https:\/\/www.europesays.com\/fr\/wp-json\/wp\/v2\/posts\/590474","targetHints":{"allow":["GET"]}}],"collection":[{"href":"https:\/\/www.europesays.com\/fr\/wp-json\/wp\/v2\/posts"}],"about":[{"href":"https:\/\/www.europesays.com\/fr\/wp-json\/wp\/v2\/types\/post"}],"author":[{"embeddable":true,"href":"https:\/\/www.europesays.com\/fr\/wp-json\/wp\/v2\/users\/2"}],"replies":[{"embeddable":true,"href":"https:\/\/www.europesays.com\/fr\/wp-json\/wp\/v2\/comments?post=590474"}],"version-history":[{"count":0,"href":"https:\/\/www.europesays.com\/fr\/wp-json\/wp\/v2\/posts\/590474\/revisions"}],"wp:featuredmedia":[{"embeddable":true,"href":"https:\/\/www.europesays.com\/fr\/wp-json\/wp\/v2\/media\/590475"}],"wp:attachment":[{"href":"https:\/\/www.europesays.com\/fr\/wp-json\/wp\/v2\/media?parent=590474"}],"wp:term":[{"taxonomy":"category","embeddable":true,"href":"https:\/\/www.europesays.com\/fr\/wp-json\/wp\/v2\/categories?post=590474"},{"taxonomy":"post_tag","embeddable":true,"href":"https:\/\/www.europesays.com\/fr\/wp-json\/wp\/v2\/tags?post=590474"}],"curies":[{"name":"wp","href":"https:\/\/api.w.org\/{rel}","templated":true}]}}