{"id":590476,"date":"2025-12-10T10:40:17","date_gmt":"2025-12-10T10:40:17","guid":{"rendered":"https:\/\/www.europesays.com\/fr\/590476\/"},"modified":"2025-12-10T10:40:17","modified_gmt":"2025-12-10T10:40:17","slug":"concert-neg-marrons-et-kaynixe-au-fil-de-saint-etienne-i-activ-agenda","status":"publish","type":"post","link":"https:\/\/www.europesays.com\/fr\/590476\/","title":{"rendered":"Concert N\u00e8g&rsquo; Marrons et Kaynixe au Fil de Saint Etienne I ACTIV AGENDA"},"content":{"rendered":"<p><img decoding=\"async\" class=\"\" style=\"width:100%\" src=\"https:\/\/www.europesays.com\/fr\/wp-content\/uploads\/2025\/12\/496638005_718849993832428_4576834502280858547_n1765360032234.jpg\" alt=\"Concert N\u00e8g' Marrons et Kaynixe au Fil de Saint Etienne\"\/><\/p>\n<p>Concert N\u00e8g&rsquo; Marrons et Kaynixe au Fil de Saint Etienne<\/p>\n<p>Cr\u00e9dit : Concert N\u00e8g&rsquo; Marrons et Kaynixe au Fil de Saint Etienne<\/p>\n<p>Au Fil de Saint-\u00c9tienne, pr\u00e9parez-vous pour un retour mythique vendredi soir \u00e0 partir de 20h30!<\/p>\n<p>Les Neg\u2019 Marrons, groupe embl\u00e9matique du reggae et hip-hop fran\u00e7ais, d\u00e9barquent pour enflammer la sc\u00e8ne, accompagn\u00e9 de la DJ Kaynixe<\/p>\n<p>Jacky Brown et Ben-J, piliers du mouvement raggae des ann\u00e9es 2000, reviennent avec leurs vibes et leurs classiques qui ont marqu\u00e9 toute une g\u00e9n\u00e9ration.<\/p>\n<p>Une soir\u00e9e \u00e9nergique, authentique et pleine de chaleur<\/p>\n","protected":false},"excerpt":{"rendered":"Concert N\u00e8g&rsquo; Marrons et Kaynixe au Fil de Saint Etienne Cr\u00e9dit : Concert N\u00e8g&rsquo; Marrons et Kaynixe au&hellip;\n","protected":false},"author":2,"featured_media":590477,"comment_status":"","ping_status":"","sticky":false,"template":"","format":"standard","meta":{"footnotes":""},"categories":[9653],"tags":[1111,11,2430,1777,674,1011,27,12,25,4001],"class_list":{"0":"post-590476","1":"post","2":"type-post","3":"status-publish","4":"format-standard","5":"has-post-thumbnail","7":"category-saint-etienne","8":"tag-actu","9":"tag-actualites","10":"tag-auvergne-rhone-alpes","11":"tag-eu","12":"tag-europe","13":"tag-fr","14":"tag-france","15":"tag-news","16":"tag-republique-francaise","17":"tag-saint-etienne"},"share_on_mastodon":{"url":"https:\/\/pubeurope.com\/@fr\/115694852066522266","error":""},"_links":{"self":[{"href":"https:\/\/www.europesays.com\/fr\/wp-json\/wp\/v2\/posts\/590476","targetHints":{"allow":["GET"]}}],"collection":[{"href":"https:\/\/www.europesays.com\/fr\/wp-json\/wp\/v2\/posts"}],"about":[{"href":"https:\/\/www.europesays.com\/fr\/wp-json\/wp\/v2\/types\/post"}],"author":[{"embeddable":true,"href":"https:\/\/www.europesays.com\/fr\/wp-json\/wp\/v2\/users\/2"}],"replies":[{"embeddable":true,"href":"https:\/\/www.europesays.com\/fr\/wp-json\/wp\/v2\/comments?post=590476"}],"version-history":[{"count":0,"href":"https:\/\/www.europesays.com\/fr\/wp-json\/wp\/v2\/posts\/590476\/revisions"}],"wp:featuredmedia":[{"embeddable":true,"href":"https:\/\/www.europesays.com\/fr\/wp-json\/wp\/v2\/media\/590477"}],"wp:attachment":[{"href":"https:\/\/www.europesays.com\/fr\/wp-json\/wp\/v2\/media?parent=590476"}],"wp:term":[{"taxonomy":"category","embeddable":true,"href":"https:\/\/www.europesays.com\/fr\/wp-json\/wp\/v2\/categories?post=590476"},{"taxonomy":"post_tag","embeddable":true,"href":"https:\/\/www.europesays.com\/fr\/wp-json\/wp\/v2\/tags?post=590476"}],"curies":[{"name":"wp","href":"https:\/\/api.w.org\/{rel}","templated":true}]}}