{"id":590478,"date":"2025-12-10T10:41:16","date_gmt":"2025-12-10T10:41:16","guid":{"rendered":"https:\/\/www.europesays.com\/fr\/590478\/"},"modified":"2025-12-10T10:41:16","modified_gmt":"2025-12-10T10:41:16","slug":"tayc-jokair-bekar-et-dakeez-reunis-pour-un-co-plateau-urbain-explosif","status":"publish","type":"post","link":"https:\/\/www.europesays.com\/fr\/590478\/","title":{"rendered":"Tayc, Jok\u2019Air, Bekar et Dakeez r\u00e9unis pour un co-plateau urbain explosif"},"content":{"rendered":"<p>        <strong>Le Nancy Open Air frappe encore pour son \u00e9dition 2026. Tayc, Jok\u2019Air, Bekar et Dakeez partageront l\u2019affiche d\u2019un co-plateau exceptionnel, programm\u00e9 le mercredi 1er juillet 2026.<\/strong><\/p>\n<p>\u00a0<\/p>\n<p>C&rsquo;est un nouveau rendez-vous qui promet une soir\u00e9e br\u00fblante sur la sc\u00e8ne de Nancy Open Air 2026.<\/p>\n<p>Le 1er juillet prochain,\u00a0Tayc, Jok\u2019Air, Bekar et Dakeez pour faire vibrer le public aux sons du rap et de la musique urbaine. Figure incontournable du R\u2019n\u2019B francophone, Tayc apportera sa touche suave et f\u00e9d\u00e9ratrice, tandis que Jok\u2019Air, habitu\u00e9 des sc\u00e8nes survolt\u00e9es, viendra d\u00e9fendre ses titres phares. Le rappeur Bekar, qui s\u2019est impos\u00e9 ces derni\u00e8res ann\u00e9es parmi les plumes les plus en vue du rap hexagonal, compl\u00e9tera cette affiche XXL. Enfin, Dakeez, jeune talent montant, assurera une ouverture pleine d\u2019\u00e9nergie.<\/p>\n<p>Une pr\u00e9vente exclusive Label LN sera disponible d\u00e8s <a href=\"https:\/\/label-ln.trium.fr\/fr\/t\/-\/event\/64889\" target=\"_blank\" rel=\"noopener\">demain, jeudi 11 d\u00e9cembre, \u00e0 10 heures<\/a>.\u00a0<\/p>\n<p>\t\t\t\t\t\t<a href=\"https:\/\/www.pinterest.com\/pin\/create\/button\/\" data-pin-do=\"buttonBookmark\" data-pin-color=\"red\" target=\"_blank\" rel=\"noopener\"><img decoding=\"async\" src=\"https:\/\/www.europesays.com\/fr\/wp-content\/uploads\/2025\/04\/pinit_fg_en_rect_red_20.png\" alt=\"Pin It\"\/><\/a><\/p>\n","protected":false},"excerpt":{"rendered":"Le Nancy Open Air frappe encore pour son \u00e9dition 2026. Tayc, Jok\u2019Air, Bekar et Dakeez partageront l\u2019affiche d\u2019un&hellip;\n","protected":false},"author":2,"featured_media":590479,"comment_status":"","ping_status":"","sticky":false,"template":"","format":"standard","meta":{"footnotes":""},"categories":[9635],"tags":[1111,11,1777,674,1011,27,775,1702,12,25],"class_list":{"0":"post-590478","1":"post","2":"type-post","3":"status-publish","4":"format-standard","5":"has-post-thumbnail","7":"category-nancy","8":"tag-actu","9":"tag-actualites","10":"tag-eu","11":"tag-europe","12":"tag-fr","13":"tag-france","14":"tag-grand-est","15":"tag-nancy","16":"tag-news","17":"tag-republique-francaise"},"share_on_mastodon":{"url":"https:\/\/pubeurope.com\/@fr\/115694855808864221","error":""},"_links":{"self":[{"href":"https:\/\/www.europesays.com\/fr\/wp-json\/wp\/v2\/posts\/590478","targetHints":{"allow":["GET"]}}],"collection":[{"href":"https:\/\/www.europesays.com\/fr\/wp-json\/wp\/v2\/posts"}],"about":[{"href":"https:\/\/www.europesays.com\/fr\/wp-json\/wp\/v2\/types\/post"}],"author":[{"embeddable":true,"href":"https:\/\/www.europesays.com\/fr\/wp-json\/wp\/v2\/users\/2"}],"replies":[{"embeddable":true,"href":"https:\/\/www.europesays.com\/fr\/wp-json\/wp\/v2\/comments?post=590478"}],"version-history":[{"count":0,"href":"https:\/\/www.europesays.com\/fr\/wp-json\/wp\/v2\/posts\/590478\/revisions"}],"wp:featuredmedia":[{"embeddable":true,"href":"https:\/\/www.europesays.com\/fr\/wp-json\/wp\/v2\/media\/590479"}],"wp:attachment":[{"href":"https:\/\/www.europesays.com\/fr\/wp-json\/wp\/v2\/media?parent=590478"}],"wp:term":[{"taxonomy":"category","embeddable":true,"href":"https:\/\/www.europesays.com\/fr\/wp-json\/wp\/v2\/categories?post=590478"},{"taxonomy":"post_tag","embeddable":true,"href":"https:\/\/www.europesays.com\/fr\/wp-json\/wp\/v2\/tags?post=590478"}],"curies":[{"name":"wp","href":"https:\/\/api.w.org\/{rel}","templated":true}]}}