{"id":590482,"date":"2025-12-10T10:46:21","date_gmt":"2025-12-10T10:46:21","guid":{"rendered":"https:\/\/www.europesays.com\/fr\/590482\/"},"modified":"2025-12-10T10:46:21","modified_gmt":"2025-12-10T10:46:21","slug":"ape-de-la-garde-des-benevoles-en-or-et-des-schtroumpfs-en-bleu","status":"publish","type":"post","link":"https:\/\/www.europesays.com\/fr\/590482\/","title":{"rendered":"APE de La Garde : des b\u00e9n\u00e9voles en or et des Schtroumpfs en bleu"},"content":{"rendered":"<p>C\u2019est devenu une institution dans le nord de la Loz\u00e8re. Quand un groupe d\u2019enfants en tee-shirt bleu arrive quelque part, tout le monde sait que l\u2019\u00e9cole de La Garde est de sortie. Et ce ne sont pas les occasions qui manquent, entre les s\u00e9ances de natation, les rencontres sportives, les visites de mus\u00e9es ou de la caserne des pompiers, les s\u00e9ances de cin\u00e9ma ou encore le grand voyage scolaire annuel, les enfants sont toujours heureux et fiers de porter les couleurs de leur \u00e9cole, et l\u2019APE ainsi que la municipalit\u00e9 sont toujours partantes pour financer les sorties culturelles ou sportives propos\u00e9es par l\u2019\u00e9quipe enseignante.<\/p>\n<p><b>Tripes, march\u00e9 de No\u00ebl et bonne humeur<\/b><\/p>\n<p>Il faut dire que l\u2019\u00e9quipe de parents b\u00e9n\u00e9voles ne m\u00e9nage pas sa peine pour organiser toutes sortes de manifestations (soir\u00e9es karaok\u00e9, march\u00e9 de No\u00ebl, loto\u2026) dans le but de r\u00e9colter des fonds destin\u00e9s \u00e0 financer ces sorties ainsi que les fameux tee-shirts bleus des enfants, bien utiles pour rep\u00e9rer nos petits Schtroumpfs au milieu des \u00e9l\u00e8ves d\u2019autres \u00e9coles lors des rencontres.<\/p>\n<p>Les habitu\u00e9s de ces manifestations et les amateurs de tripes, pizzas, et autres sp\u00e9cialit\u00e9s des parents cuisiniers de l\u2019APE, diraient \u00e9galement qu\u2019ils appr\u00e9cient la simplicit\u00e9 avec laquelle, gr\u00e2ce \u00e0 ces tee-shirts bleus, ils peuvent identifier tous les schtroumpfs de cette joyeuse \u00e9quipe, que ce soit les caissi\u00e8res pour faire un peu de monnaie, le barman pour remettre une tourn\u00e9e, les cuistos et les serveuses pour avoir un peu de \u00ab\u00a0rab\u00a0\u00bb de frites, le DJ pour qu\u2019il leur passe leur chanson pr\u00e9f\u00e9r\u00e9e au karaok\u00e9, ou encore les organisatrices qui leur rapportent les lots gagn\u00e9s au loto, sous la supervision de leur grand Schtroumpf Mumu (pr\u00e9sidente de l\u2019APE).<\/p>\n<p>D\u2019ailleurs, tous ces Schtroumpfs, petits et grands, ont pu endosser leurs nouveaux tee-shirts bleus lors de la matin\u00e9e tripes et du march\u00e9 de No\u00ebl et ils ont \u00e9t\u00e9 schtroumpfement heureux d\u2019y accueillir le public, en esp\u00e9rant le revoir toujours plus nombreux l\u2019ann\u00e9e prochaine ou lors de leur loto pr\u00e9vu le 29 mars 2026.<\/p>\n<p>Correspondante Midi Libre : 04 66 31 90 41<\/p>\n","protected":false},"excerpt":{"rendered":"C\u2019est devenu une institution dans le nord de la Loz\u00e8re. Quand un groupe d\u2019enfants en tee-shirt bleu arrive&hellip;\n","protected":false},"author":2,"featured_media":590483,"comment_status":"","ping_status":"","sticky":false,"template":"","format":"standard","meta":{"footnotes":""},"categories":[9619],"tags":[1111,11,70384,1057,1777,674,1011,27,38543,12,882,25,2310],"class_list":{"0":"post-590482","1":"post","2":"type-post","3":"status-publish","4":"format-standard","5":"has-post-thumbnail","7":"category-toulon","8":"tag-actu","9":"tag-actualites","10":"tag-albaretsaintemarie","11":"tag-education","12":"tag-eu","13":"tag-europe","14":"tag-fr","15":"tag-france","16":"tag-lozere","17":"tag-news","18":"tag-provence-alpes-cote-dazur","19":"tag-republique-francaise","20":"tag-toulon"},"share_on_mastodon":{"url":"https:\/\/pubeurope.com\/@fr\/115694874440231594","error":""},"_links":{"self":[{"href":"https:\/\/www.europesays.com\/fr\/wp-json\/wp\/v2\/posts\/590482","targetHints":{"allow":["GET"]}}],"collection":[{"href":"https:\/\/www.europesays.com\/fr\/wp-json\/wp\/v2\/posts"}],"about":[{"href":"https:\/\/www.europesays.com\/fr\/wp-json\/wp\/v2\/types\/post"}],"author":[{"embeddable":true,"href":"https:\/\/www.europesays.com\/fr\/wp-json\/wp\/v2\/users\/2"}],"replies":[{"embeddable":true,"href":"https:\/\/www.europesays.com\/fr\/wp-json\/wp\/v2\/comments?post=590482"}],"version-history":[{"count":0,"href":"https:\/\/www.europesays.com\/fr\/wp-json\/wp\/v2\/posts\/590482\/revisions"}],"wp:featuredmedia":[{"embeddable":true,"href":"https:\/\/www.europesays.com\/fr\/wp-json\/wp\/v2\/media\/590483"}],"wp:attachment":[{"href":"https:\/\/www.europesays.com\/fr\/wp-json\/wp\/v2\/media?parent=590482"}],"wp:term":[{"taxonomy":"category","embeddable":true,"href":"https:\/\/www.europesays.com\/fr\/wp-json\/wp\/v2\/categories?post=590482"},{"taxonomy":"post_tag","embeddable":true,"href":"https:\/\/www.europesays.com\/fr\/wp-json\/wp\/v2\/tags?post=590482"}],"curies":[{"name":"wp","href":"https:\/\/api.w.org\/{rel}","templated":true}]}}