{"id":590484,"date":"2025-12-10T10:47:48","date_gmt":"2025-12-10T10:47:48","guid":{"rendered":"https:\/\/www.europesays.com\/fr\/590484\/"},"modified":"2025-12-10T10:47:48","modified_gmt":"2025-12-10T10:47:48","slug":"entame-ratee-pour-toulon","status":"publish","type":"post","link":"https:\/\/www.europesays.com\/fr\/590484\/","title":{"rendered":"Entame rat\u00e9e pour Toulon"},"content":{"rendered":"<p><strong>En d\u00e9placement \u00e0 Edimbourg,<br \/>\nToulon a ouvert son parcours en Champions Cup par une d\u00e9faite apr\u00e8s<br \/>\nune deuxi\u00e8me p\u00e9riode compliqu\u00e9e sous la pluie \u00e9cossaise<br \/>\n(33-20).<\/strong><\/p>\n<p>Toulon n\u2019a pas \u00e9t\u00e9 au diapason. En conclusion du premier<br \/>\nweek-end de Champions Cup de la saison, les joueurs de Pierre<br \/>\nMignoni ont sign\u00e9 une contre-performance notable sur la pelouse<br \/>\nd\u2019Edimbourg. Pourtant, tout avait bien commenc\u00e9 pour le RCT sur la<br \/>\npelouse du Hive Stadium. Opportuniste sur un renvoi d\u2019en-but mal<br \/>\nassur\u00e9 par les Ecossais, Melvyn Jaminet a claqu\u00e9 un drop pour<br \/>\nouvrir le score apr\u00e8s seulement deux minutes sous une pluie<br \/>\nbattante. Dans la foul\u00e9e, les avants du club varois se sont mis \u00e0<br \/>\nfaire mal \u00e0 l\u2019arri\u00e8re-garde d\u2019Edimbourg.<\/p>\n<p>Face \u00e0 ses compatriotes, Ben White n\u2019a pas fait de sentiments.<br \/>\nLe demi de m\u00eal\u00e9e du XV du Chardon a trouv\u00e9 un espace en sortie de<br \/>\nruck pour aller aplatir le premier essai de la rencontre \u00e0 peine<br \/>\nquatre minutes apr\u00e8s l\u2019ouverture du score. Un avantage de dix<br \/>\npoints qui est alors parti en fum\u00e9e aussi vite qu\u2019il a \u00e9t\u00e9<br \/>\nconstruit. Apr\u00e8s un plaquage haut de David Ribbans, Cameron Scott a<br \/>\nd\u00e9bloqu\u00e9 le compteur de son \u00e9quipe avant que Pierre Schoeman<br \/>\nn\u2019\u00e9galise peu avant le quart d\u2019heure de jeu. Apr\u00e8s avoir bien suivi<br \/>\nune acc\u00e9l\u00e9ration de son talonneur Ewan Ashman, le pilier gauche<br \/>\n\u00e9cossais a faitparler la puissance pour remettre son \u00e9quipe \u00e0<br \/>\nhauteur des Toulonnais.<\/p>\n<p>Toulon trop vite<br \/>\nrattrap\u00e9<\/p>\n<p>Il en fallait plus pour d\u00e9courager les prot\u00e9g\u00e9s de Pierre<br \/>\nMignoni. A force de multiplier les temps de jeu, le RCT a mis au<br \/>\nsupplice la d\u00e9fense d\u2019Edimbourg et cette derni\u00e8re a fini par<br \/>\ncraquer. Pas replac\u00e9e sur une p\u00e9nalit\u00e9 jou\u00e9e rapidement par Ben<br \/>\nWhite, elle a ouvert la porte au num\u00e9ro 9 toulonnais pour son<br \/>\ndeuxi\u00e8me essai personnel au milieu du premier acte. Sauf que son<br \/>\nvis-\u00e0-vis \u00e9tait d\u00e9cid\u00e9 \u00e0 lui r\u00e9pondre. A l\u2019approche de la<br \/>\ndemi-heure de jeu, un ballon port\u00e9 a \u00e9t\u00e9 mis en \u00e9chec par les<br \/>\navants toulonnais. Toutefois, Ewan Ashman a su en extraire le<br \/>\nballon avant de d\u00e9caler Ben Vellacott.<\/p>\n<p>Ce dernier a alors pu aplatir en coin pour ramener les siens \u00e0<br \/>\ndeux longueurs. Edimbourg a finalement vir\u00e9 en t\u00eate d\u2019une longueur<br \/>\n\u00e0 la pause gr\u00e2ce \u00e0 une p\u00e9nalit\u00e9 de son buteur. Un ascendant que la<br \/>\nformation \u00e9cossaise a cru amplifier tr\u00e8s vite en deuxi\u00e8me p\u00e9riode.<br \/>\nToutefois, l\u2019essai inscrit par Darcy Graham apr\u00e8s une erreur des<br \/>\njoueurs du RCT \u00e0 la r\u00e9ception d\u2019une chandelle a \u00e9t\u00e9 refus\u00e9 pour un<br \/>\nl\u00e9ger en-avant de l\u2019ailier d\u2019Edimbourg. Les deux buteurs se sont<br \/>\nalors r\u00e9pondus pour maintenir l\u2019\u00e9cart \u00e0 une longueur avec 25<br \/>\nminutes encore \u00e0 jouer.<\/p>\n<p>Ribbans a plomb\u00e9 le<br \/>\nRCT<\/p>\n<p>Mais le match a bascul\u00e9 dans la foul\u00e9e et pas en faveur de<br \/>\nToulon. Pour avoir mis la main au niveau du visage de Liam<br \/>\nMcConnell apr\u00e8s un accrochage entre les deux joueurs, David Ribbans<br \/>\na \u00e9cop\u00e9 d\u2019un carton jaune qui aurait pu avoir une autre couleur. A<br \/>\nun de moins, le pack varois est apparu vuln\u00e9rable et cela s\u2019est<br \/>\nmat\u00e9rialis\u00e9 peu apr\u00e8s l\u2019heure de jeu. Sur une m\u00eal\u00e9e \u00e0 cinq m\u00e8tres,<br \/>\nles Toulonnais se sont effondr\u00e9s et l\u2019arbitre de la rencontre n\u2019a<br \/>\npas h\u00e9sit\u00e9 \u00e0 accorder un essai de p\u00e9nalit\u00e9 \u00e0 Edimbourg. Apr\u00e8s un<br \/>\n\u00e9chec au pied de son buteur Cameron Scott, Boan Venter a inscrit<br \/>\nl\u2019essai du bonus offensif pour la formation \u00e9cossaise \u00e0 cinq<br \/>\nminutes de la sir\u00e8ne.<\/p>\n<p>Au terme d\u2019une longue s\u00e9quence de jeu au pr\u00e8s, le pilier a saisi<br \/>\nsa chance pour aller \u00e0 dame. Dans les derniers instants, Toulon a<br \/>\npouss\u00e9 pour aller chercher le bonus d\u00e9fensif mais une faute de main<br \/>\nde David Ribbans dans un regroupement a mis fin \u00e0 cet espoir.<br \/>\nToulon d\u00e9marre sa campagne en Champions Cup par un revers cuisant<br \/>\n(33-20) quand Edimbourg fait le plein pour rejoindre Bath et<br \/>\nGloucester, tombeur de Castres ce dimanche, en t\u00eate de la Poule 2.<br \/>\nDes Toulonnais qui devront se reprendre d\u00e8s le week-end prochain<br \/>\navec la r\u00e9ception de Bath.<\/p>\n","protected":false},"excerpt":{"rendered":"En d\u00e9placement \u00e0 Edimbourg, Toulon a ouvert son parcours en Champions Cup par une d\u00e9faite apr\u00e8s une deuxi\u00e8me&hellip;\n","protected":false},"author":2,"featured_media":590485,"comment_status":"","ping_status":"","sticky":false,"template":"","format":"standard","meta":{"footnotes":""},"categories":[9619],"tags":[46319,1111,11,3460,9010,1777,674,1011,27,12,70385,882,25,479,57681,2310],"class_list":{"0":"post-590484","1":"post","2":"type-post","3":"status-publish","4":"format-standard","5":"has-post-thumbnail","7":"category-toulon","8":"tag-1ere-journee","9":"tag-actu","10":"tag-actualites","11":"tag-champions-cup","12":"tag-edimbourg","13":"tag-eu","14":"tag-europe","15":"tag-fr","16":"tag-france","17":"tag-news","18":"tag-poule-2","19":"tag-provence-alpes-cote-dazur","20":"tag-republique-francaise","21":"tag-rugby","22":"tag-sport365-fr","23":"tag-toulon"},"share_on_mastodon":{"url":"https:\/\/pubeurope.com\/@fr\/115694882199860061","error":""},"_links":{"self":[{"href":"https:\/\/www.europesays.com\/fr\/wp-json\/wp\/v2\/posts\/590484","targetHints":{"allow":["GET"]}}],"collection":[{"href":"https:\/\/www.europesays.com\/fr\/wp-json\/wp\/v2\/posts"}],"about":[{"href":"https:\/\/www.europesays.com\/fr\/wp-json\/wp\/v2\/types\/post"}],"author":[{"embeddable":true,"href":"https:\/\/www.europesays.com\/fr\/wp-json\/wp\/v2\/users\/2"}],"replies":[{"embeddable":true,"href":"https:\/\/www.europesays.com\/fr\/wp-json\/wp\/v2\/comments?post=590484"}],"version-history":[{"count":0,"href":"https:\/\/www.europesays.com\/fr\/wp-json\/wp\/v2\/posts\/590484\/revisions"}],"wp:featuredmedia":[{"embeddable":true,"href":"https:\/\/www.europesays.com\/fr\/wp-json\/wp\/v2\/media\/590485"}],"wp:attachment":[{"href":"https:\/\/www.europesays.com\/fr\/wp-json\/wp\/v2\/media?parent=590484"}],"wp:term":[{"taxonomy":"category","embeddable":true,"href":"https:\/\/www.europesays.com\/fr\/wp-json\/wp\/v2\/categories?post=590484"},{"taxonomy":"post_tag","embeddable":true,"href":"https:\/\/www.europesays.com\/fr\/wp-json\/wp\/v2\/tags?post=590484"}],"curies":[{"name":"wp","href":"https:\/\/api.w.org\/{rel}","templated":true}]}}