{"id":590486,"date":"2025-12-10T10:49:11","date_gmt":"2025-12-10T10:49:11","guid":{"rendered":"https:\/\/www.europesays.com\/fr\/590486\/"},"modified":"2025-12-10T10:49:11","modified_gmt":"2025-12-10T10:49:11","slug":"un-blesse-par-balles-son-frere-en-garde-a-vue","status":"publish","type":"post","link":"https:\/\/www.europesays.com\/fr\/590486\/","title":{"rendered":"un bless\u00e9 par balles, son fr\u00e8re en garde \u00e0 vue"},"content":{"rendered":"<p>                    Par<br \/>\n        <strong><br \/>\n            <a href=\"https:\/\/actu.fr\/auteur\/lea-pippinato\" title=\"Consulter tous les articles de L\u00e9a Pippinato\" target=\"_blank\" rel=\"noopener\">L\u00e9a Pippinato<\/a><br \/>\n                    <\/strong><\/p>\n<p>        Publi\u00e9 le<\/p>\n<p>            10 d\u00e9c. 2025 \u00e0 11h36        <\/p>\n<p><strong>Dans la nuit de ce mardi 9 \u00e0 ce mercredi 10 d\u00e9cembre 2025<\/strong>, vers 2h20 du matin, la police nationale re\u00e7oit un appel. Deux fr\u00e8res se trouvent impliqu\u00e9s : l\u2019un arrive \u00e0 l\u2019h\u00f4pital Lapeyronie avec une blessure par balles \u00e0 la jambe, conduit sans attendre par l\u2019autre. Les m\u00e9decins d\u00e9cident une op\u00e9ration, mais son pronostic vital ne se trouve pas engag\u00e9. Les circonstances du tir restent inconnues.\u00a0<\/p>\n<p>Une sc\u00e8ne localis\u00e9e dans un secteur sous tension<\/p>\n<p class=\" wall-content\">Les enqu\u00eateurs situent l\u2019origine de l\u2019affaire avenue du professeur Louis Ravas, dans le quartier des C\u00e9vennes. Ce lieu figure parmi les points sensibles de Montpellier, connu pour son trafic de stup\u00e9fiants. Aucun d\u00e9tail ne permet pour l\u2019heure de confirmer un lien entre la blessure et les activit\u00e9s du quartier.<\/p>\n<p>    <a href=\"https:\/\/www.google.com\/maps\/embed?pb=!1m18!1m12!1m3!1d2888.2661602032344!2d3.844515876460523!3d43.621818971103494!2m3!1f0!2f0!3f0!3m2!1i1024!2i768!4f13.1!3m3!1m2!1s0x12b6aeed6f826bc7%3A0x80007fe407f6c3a8!2sAv.%20Professeur%20Louis%20Ravas%2C%20Montpellier!5e0!3m2!1sfr!2sfr!4v1765362838303!5m2!1sfr!2sfr\" title=\"Ouvrie le lien\" target=\"_blank\" rel=\"noopener\">Cliquez ici pour visualiser le contenu<\/a><\/p>\n<p class=\" wall-content\">Le fr\u00e8re indemne est d\u00e9j\u00e0 connu de la justice. Une pr\u00e9c\u00e9dente condamnation impose une interdiction de s\u00e9jour dans l\u2019H\u00e9rault. Malgr\u00e9 cette mesure, il circule dans le d\u00e9partement. Les policiers le placent en garde \u00e0 vue. Les v\u00e9rifications se poursuivent.\u00a0<\/p>\n<p class=\" wall-content\">Personnalisez votre actualit\u00e9 en ajoutant vos villes et m\u00e9dias en favori avec <a href=\"https:\/\/moncompte.actu.fr\" title=\"D\u00e9couvez Mon Actu\" rel=\"nofollow noopener\" data-trk=\"{&quot;cta&quot;:{&quot;action&quot;:&quot;https:\\\/\\\/moncompte.actu.fr&quot;,&quot;category&quot;:&quot;mon compte&quot;,&quot;from&quot;:&quot;article footer&quot;,&quot;name&quot;:&quot;Mon actu&quot;,&quot;type&quot;:&quot;cta&quot;}}\" target=\"_blank\">Mon Actu<\/a>.<\/p>\n","protected":false},"excerpt":{"rendered":"Par L\u00e9a Pippinato Publi\u00e9 le 10 d\u00e9c. 2025 \u00e0 11h36 Dans la nuit de ce mardi 9 \u00e0&hellip;\n","protected":false},"author":2,"featured_media":590487,"comment_status":"","ping_status":"","sticky":false,"template":"","format":"standard","meta":{"footnotes":""},"categories":[9599],"tags":[1111,11,15154,1052,1777,674,118,1011,27,2208,12,2680,1072,25],"class_list":{"0":"post-590486","1":"post","2":"type-post","3":"status-publish","4":"format-standard","5":"has-post-thumbnail","7":"category-montpellier","8":"tag-actu","9":"tag-actualites","10":"tag-chu-de-montpellier","11":"tag-drogue","12":"tag-eu","13":"tag-europe","14":"tag-faits-divers","15":"tag-fr","16":"tag-france","17":"tag-montpellier","18":"tag-news","19":"tag-occitanie","20":"tag-police","21":"tag-republique-francaise"},"share_on_mastodon":{"url":"https:\/\/pubeurope.com\/@fr\/115694886222272181","error":""},"_links":{"self":[{"href":"https:\/\/www.europesays.com\/fr\/wp-json\/wp\/v2\/posts\/590486","targetHints":{"allow":["GET"]}}],"collection":[{"href":"https:\/\/www.europesays.com\/fr\/wp-json\/wp\/v2\/posts"}],"about":[{"href":"https:\/\/www.europesays.com\/fr\/wp-json\/wp\/v2\/types\/post"}],"author":[{"embeddable":true,"href":"https:\/\/www.europesays.com\/fr\/wp-json\/wp\/v2\/users\/2"}],"replies":[{"embeddable":true,"href":"https:\/\/www.europesays.com\/fr\/wp-json\/wp\/v2\/comments?post=590486"}],"version-history":[{"count":0,"href":"https:\/\/www.europesays.com\/fr\/wp-json\/wp\/v2\/posts\/590486\/revisions"}],"wp:featuredmedia":[{"embeddable":true,"href":"https:\/\/www.europesays.com\/fr\/wp-json\/wp\/v2\/media\/590487"}],"wp:attachment":[{"href":"https:\/\/www.europesays.com\/fr\/wp-json\/wp\/v2\/media?parent=590486"}],"wp:term":[{"taxonomy":"category","embeddable":true,"href":"https:\/\/www.europesays.com\/fr\/wp-json\/wp\/v2\/categories?post=590486"},{"taxonomy":"post_tag","embeddable":true,"href":"https:\/\/www.europesays.com\/fr\/wp-json\/wp\/v2\/tags?post=590486"}],"curies":[{"name":"wp","href":"https:\/\/api.w.org\/{rel}","templated":true}]}}