{"id":590488,"date":"2025-12-10T10:50:16","date_gmt":"2025-12-10T10:50:16","guid":{"rendered":"https:\/\/www.europesays.com\/fr\/590488\/"},"modified":"2025-12-10T10:50:16","modified_gmt":"2025-12-10T10:50:16","slug":"montpellier-va-incinerer-40-000-tonnes-de-ses-dechets-a-sete-a-compter-du-1er-mars-2026","status":"publish","type":"post","link":"https:\/\/www.europesays.com\/fr\/590488\/","title":{"rendered":"Montpellier va incin\u00e9rer 40\u00a0000 tonnes de ses d\u00e9chets \u00e0 S\u00e8te \u00e0 compter du 1er\u00a0mars 2026"},"content":{"rendered":"<p>\n                                                                Montpellier pourra incin\u00e9rer une partie de ses d\u00e9chets dans l\u2019ancienne usine de S\u00e8te \u00e0 compter de mars\u00a02026. une coop\u00e9ration transitoire qui va permettre de faire 4\u00a0M\u20ac d\u2019\u00e9conomies.\n                            <\/p>\n<p>C\u2019est fait\u00a0! La M\u00e9tropole de Montpellier a adopt\u00e9 une convention de coop\u00e9ration avec l\u2019agglom\u00e9ration de S\u00e8te pour la gestion des d\u00e9chets. Alors que la ville portuaire s\u2019est dot\u00e9e en novembre d\u2019une nouvelle usine d\u2019incin\u00e9ration, Montpellier pourra utiliser l\u2019ancienne installation, bient\u00f4t obsol\u00e8te.<\/p>\n<p>\u00ab\u00a0Il faudra effectuer quelques travaux, mais nous pourrons l\u2019exploiter \u00e0 partir du 1er\u00a0mars 2026 pour quatre ans et trois mois exactement. L\u2019\u00c9tat a donn\u00e9 son accord\u00a0\u00bb, a pr\u00e9cis\u00e9 Ren\u00e9 Revol, vice-pr\u00e9sident en charge du dossier. Environ 40\u00a0000 tonnes d\u2019ordures montpelli\u00e9raines y seront incin\u00e9r\u00e9es chaque ann\u00e9e, sur les 110\u00a0000 actuellement export\u00e9es. En contrepartie, la M\u00e9tropole recevra jusqu\u2019\u00e0 4\u00a0000 tonnes de biod\u00e9chets de S\u00e8te pour alimenter l\u2019usine Am\u00e9tyst, moyennant 1,3 M\u20ac. \u00ab\u00a0Elle est aujourd\u2019hui en sous-production\u00a0\u00bb, a rappel\u00e9 l\u2019\u00e9lu.<\/p>\n<p>Vers une m\u00e9tropole exemplaire\u00a0?<\/p>\n<p>L\u2019op\u00e9ration devrait permettre 4\u00a0M\u20ac d\u2019\u00e9conomies, alors que la M\u00e9tropole s\u2019est engag\u00e9e \u00e0 ne pas augmenter la taxe d\u2019enl\u00e8vement des ordures m\u00e9nag\u00e8res (TEOM) jusqu\u2019en 2030. \u00ab\u00a0\u00c0 cette date, la gestion des d\u00e9chets devra \u00eatre exemplaire\u00a0\u00bb, a ajout\u00e9 Ren\u00e9 Revol, qui a promis un d\u00e9bat public sur la question en 2026. Qui esp\u00e8re que d\u2019ici une quinzaine d\u2019ann\u00e9es et apr\u00e8s la construction d\u2019une usine CSR sur Montpellier, plus aucun d\u00e9chet ne sera export\u00e9.<\/p>\n<p>L\u2019opposition a, de son c\u00f4t\u00e9, d\u00e9nonc\u00e9 \u00ab\u00a0une gestion d\u00e9sastreuse des d\u00e9chets depuis des d\u00e9cennies\u00a0\u00bb, selon Alenka Doulain, qui a plaid\u00e9 pour un retour du traitement des d\u00e9chets dans le giron public. L\u2019\u00e9cologiste Fran\u00e7ois Vasquez a de nouveau d\u00e9nonc\u00e9 la construction d\u2019un CSR sur le site d\u2019Am\u00e9tyst et s\u2019est dit oppos\u00e9 \u00e0 tout \u00ab\u00a0projet d\u2019incin\u00e9ration nouveau, il y en a assez \u00e0 l\u2019\u00e9chelle de la r\u00e9gion\u00a0\u00bb.<\/p>\n","protected":false},"excerpt":{"rendered":"Montpellier pourra incin\u00e9rer une partie de ses d\u00e9chets dans l\u2019ancienne usine de S\u00e8te \u00e0 compter de mars\u00a02026. une&hellip;\n","protected":false},"author":2,"featured_media":590489,"comment_status":"","ping_status":"","sticky":false,"template":"","format":"standard","meta":{"footnotes":""},"categories":[9599],"tags":[1111,11,1777,674,1011,27,7089,2208,12,2680,316,25],"class_list":{"0":"post-590488","1":"post","2":"type-post","3":"status-publish","4":"format-standard","5":"has-post-thumbnail","7":"category-montpellier","8":"tag-actu","9":"tag-actualites","10":"tag-eu","11":"tag-europe","12":"tag-fr","13":"tag-france","14":"tag-herault","15":"tag-montpellier","16":"tag-news","17":"tag-occitanie","18":"tag-politique","19":"tag-republique-francaise"},"share_on_mastodon":{"url":"https:\/\/pubeurope.com\/@fr\/115694890248902770","error":""},"_links":{"self":[{"href":"https:\/\/www.europesays.com\/fr\/wp-json\/wp\/v2\/posts\/590488","targetHints":{"allow":["GET"]}}],"collection":[{"href":"https:\/\/www.europesays.com\/fr\/wp-json\/wp\/v2\/posts"}],"about":[{"href":"https:\/\/www.europesays.com\/fr\/wp-json\/wp\/v2\/types\/post"}],"author":[{"embeddable":true,"href":"https:\/\/www.europesays.com\/fr\/wp-json\/wp\/v2\/users\/2"}],"replies":[{"embeddable":true,"href":"https:\/\/www.europesays.com\/fr\/wp-json\/wp\/v2\/comments?post=590488"}],"version-history":[{"count":0,"href":"https:\/\/www.europesays.com\/fr\/wp-json\/wp\/v2\/posts\/590488\/revisions"}],"wp:featuredmedia":[{"embeddable":true,"href":"https:\/\/www.europesays.com\/fr\/wp-json\/wp\/v2\/media\/590489"}],"wp:attachment":[{"href":"https:\/\/www.europesays.com\/fr\/wp-json\/wp\/v2\/media?parent=590488"}],"wp:term":[{"taxonomy":"category","embeddable":true,"href":"https:\/\/www.europesays.com\/fr\/wp-json\/wp\/v2\/categories?post=590488"},{"taxonomy":"post_tag","embeddable":true,"href":"https:\/\/www.europesays.com\/fr\/wp-json\/wp\/v2\/tags?post=590488"}],"curies":[{"name":"wp","href":"https:\/\/api.w.org\/{rel}","templated":true}]}}