{"id":590498,"date":"2025-12-10T10:57:15","date_gmt":"2025-12-10T10:57:15","guid":{"rendered":"https:\/\/www.europesays.com\/fr\/590498\/"},"modified":"2025-12-10T10:57:15","modified_gmt":"2025-12-10T10:57:15","slug":"le-chantier-a-ete-arrete-des-ossements-humains-decouverts-par-des-ouvriers-a-rennes","status":"publish","type":"post","link":"https:\/\/www.europesays.com\/fr\/590498\/","title":{"rendered":"\u00ab\u00a0Le chantier a \u00e9t\u00e9 arr\u00eat\u00e9\u00a0\u00bb\u00a0: des ossements humains d\u00e9couverts par des ouvriers \u00e0 Rennes"},"content":{"rendered":"<p>La police est intervenue \u00e0 l\u2019H\u00f4tel Montbourcher mardi 9 d\u00e9cembre \u00e0 Rennes. Cet \u00e9difice datant de 1658, situ\u00e9 au 30 place des Lices, a vu son chantier de r\u00e9novation arr\u00eat\u00e9 suite \u00e0 une surprenante d\u00e9couverte dans ses sous-sols.<\/p>\n<p>Monument historique<\/p>\n<p>Des ouvriers, qui proc\u00e9daient au d\u00e9caissement de la terre dans les caves afin de refaire les fondations, ont mis au jour plusieurs ossements comme r\u00e9v\u00e9l\u00e9 par Rennes Info Autrement. Des restes, dont la nature pourrait \u00eatre humaine.<\/p>\n<p>Alert\u00e9e, la police s\u2019est rendue sur place. Elle a boucl\u00e9 le p\u00e9rim\u00e8tre du chantier de cet H\u00f4tel Montbourcher, class\u00e9 monument historique, afin de mener les premi\u00e8res constatations.<\/p>\n<p>Des expertises \u00e0 venir<\/p>\n<p>\u00ab Le chantier a \u00e9t\u00e9 arr\u00eat\u00e9 \u00bb, confirme le patron de l\u2019entreprise missionn\u00e9e pour mener les travaux. \u00ab C\u2019est quelque chose qui peut arriver quand on travaille sur des monuments historiques \u00bb.<\/p>\n<p>Une partie du b\u00e2timent reste n\u00e9anmoins accessible. Des expertises ont \u00e9t\u00e9 ordonn\u00e9es aupr\u00e8s d\u2019un institut m\u00e9dico-l\u00e9gal pour confirmer la nature exacte de ces ossements et d\u00e9terminer leur anciennet\u00e9.<\/p>\n","protected":false},"excerpt":{"rendered":"La police est intervenue \u00e0 l\u2019H\u00f4tel Montbourcher mardi 9 d\u00e9cembre \u00e0 Rennes. Cet \u00e9difice datant de 1658, situ\u00e9&hellip;\n","protected":false},"author":2,"featured_media":590499,"comment_status":"","ping_status":"","sticky":false,"template":"","format":"standard","meta":{"footnotes":""},"categories":[2821],"tags":[1111,11,829,765,1777,674,3383,1011,27,848,12,584,25],"class_list":{"0":"post-590498","1":"post","2":"type-post","3":"status-publish","4":"format-standard","5":"has-post-thumbnail","7":"category-rennes","8":"tag-actu","9":"tag-actualites","10":"tag-bretagne","11":"tag-en-continu","12":"tag-eu","13":"tag-europe","14":"tag-faits-divers-a-rennes","15":"tag-fr","16":"tag-france","17":"tag-ille-et-vilaine","18":"tag-news","19":"tag-rennes","20":"tag-republique-francaise"},"share_on_mastodon":{"url":"https:\/\/pubeurope.com\/@fr\/115694917756134669","error":""},"_links":{"self":[{"href":"https:\/\/www.europesays.com\/fr\/wp-json\/wp\/v2\/posts\/590498","targetHints":{"allow":["GET"]}}],"collection":[{"href":"https:\/\/www.europesays.com\/fr\/wp-json\/wp\/v2\/posts"}],"about":[{"href":"https:\/\/www.europesays.com\/fr\/wp-json\/wp\/v2\/types\/post"}],"author":[{"embeddable":true,"href":"https:\/\/www.europesays.com\/fr\/wp-json\/wp\/v2\/users\/2"}],"replies":[{"embeddable":true,"href":"https:\/\/www.europesays.com\/fr\/wp-json\/wp\/v2\/comments?post=590498"}],"version-history":[{"count":0,"href":"https:\/\/www.europesays.com\/fr\/wp-json\/wp\/v2\/posts\/590498\/revisions"}],"wp:featuredmedia":[{"embeddable":true,"href":"https:\/\/www.europesays.com\/fr\/wp-json\/wp\/v2\/media\/590499"}],"wp:attachment":[{"href":"https:\/\/www.europesays.com\/fr\/wp-json\/wp\/v2\/media?parent=590498"}],"wp:term":[{"taxonomy":"category","embeddable":true,"href":"https:\/\/www.europesays.com\/fr\/wp-json\/wp\/v2\/categories?post=590498"},{"taxonomy":"post_tag","embeddable":true,"href":"https:\/\/www.europesays.com\/fr\/wp-json\/wp\/v2\/tags?post=590498"}],"curies":[{"name":"wp","href":"https:\/\/api.w.org\/{rel}","templated":true}]}}