{"id":590515,"date":"2025-12-10T11:09:11","date_gmt":"2025-12-10T11:09:11","guid":{"rendered":"https:\/\/www.europesays.com\/fr\/590515\/"},"modified":"2025-12-10T11:09:11","modified_gmt":"2025-12-10T11:09:11","slug":"10-millions-dabonnes-7-milliards-de-vues-pour-ses-videos-linfluenceur-toulousain-tuvok12-cartonne","status":"publish","type":"post","link":"https:\/\/www.europesays.com\/fr\/590515\/","title":{"rendered":"10\u00a0millions d\u2019abonn\u00e9s, 7\u00a0milliards de vues pour ses vid\u00e9os\u00a0: l\u2019influenceur toulousain Tuvok12 cartonne"},"content":{"rendered":"<p class=\"paragraph text_align_left lp-f-body-02\">\u00ab Je n\u2019aurais jamais cru vivre de mes vid\u00e9os quand j\u2019ai lanc\u00e9 ma cha\u00eene YouTube en 2014 et certainement pas qu\u2019elles soient autant vues \u00bb, s\u2019\u00e9tonne Tuvok12. Cet influenceur de 26 ans, install\u00e9 \u00e0 Toulouse (Haute-Garonne) depuis 2018, va atteindre mi-d\u00e9cembre les 10 millions d\u2019abonn\u00e9s. Un record pour ce passionn\u00e9 de vid\u00e9os qui se distinguent des autres influenceurs en lan\u00e7ant des d\u00e9fis sportifs aux passants, afin de susciter la bonne humeur. Des vid\u00e9os qui font le buzz, d\u00e9j\u00e0 vues pr\u00e8s de 7 milliards de fois !<\/p>\n<p>\u00ab J\u2019apporte de la joie aux gens \u00bb<\/p>\n<p class=\"paragraph text_align_left lp-f-body-02\">Sa cha\u00eene YouTube a explos\u00e9 en 2022 en partageant ces vid\u00e9os spontan\u00e9es de challenges sportifs dans la rue : tir sur une bouteille en plastique avec un ballon de football, tir d\u2019un ballon de basket dans un panier mobile\u2026 L\u2019objectif est de d\u00e9fier le badaud et d\u2019avoir un moment de communion avec lui quand il r\u00e9ussit.<\/p>\n<p class=\"paragraph text_align_left lp-f-body-02\">\u00ab Il y a toujours un c\u00f4t\u00e9 festif et surtout spontan\u00e9, naturel, assure Tuvok12, de son vrai nom Tuvok Wassenberg. J\u2019ai toujours ador\u00e9 cr\u00e9er, partager, donc cela me fait plaisir quand cela apporte de la joie aux gens, qu\u2019on se connecte entre humains. Ces vid\u00e9os ne sont pas centr\u00e9es sur moi mais c\u2019est le passant qui en est le principal acteur, c\u2019est peut-\u00eatre pour cela que \u00e7a marche. \u00bb Le Toulousain a des abonn\u00e9s partout dans le monde et il n\u2019a pas l\u2019intention de prendre la grosse t\u00eate malgr\u00e9 son succ\u00e8s plan\u00e9taire.<\/p>\n<p class=\"paragraph text_align_left lp-f-body-02\">Le fait d\u2019\u00eatre suivi par des millions d\u2019internautes le conforte encore plus dans ses choix de cr\u00e9ations. \u00ab Pour moi, la vid\u00e9o est un art et j\u2019ai envie aussi de me concentrer plus sur moi-m\u00eame et de rester le plus libre possible, assure celui qui collabore avec une dizaine de marques, tri\u00e9es sur le volet. Il y a aura peut-\u00eatre des changements dans mes contenus et je pense de plus en plus \u00e0 faire du cin\u00e9ma, mes premi\u00e8res amours puisque j\u2019ai d\u00e9j\u00e0 r\u00e9alis\u00e9 un court-m\u00e9trage quand j\u2019\u00e9tais ado ! \u00bb<\/p>\n","protected":false},"excerpt":{"rendered":"\u00ab Je n\u2019aurais jamais cru vivre de mes vid\u00e9os quand j\u2019ai lanc\u00e9 ma cha\u00eene YouTube en 2014 et&hellip;\n","protected":false},"author":2,"featured_media":590516,"comment_status":"","ping_status":"","sticky":false,"template":"","format":"standard","meta":{"footnotes":""},"categories":[2816],"tags":[1111,917,11,872,459,1777,674,1011,27,4623,12,2680,25,2312],"class_list":{"0":"post-590515","1":"post","2":"type-post","3":"status-publish","4":"format-standard","5":"has-post-thumbnail","7":"category-toulouse","8":"tag-actu","9":"tag-actu-locale","10":"tag-actualites","11":"tag-culture-et-loisirs","12":"tag-departements-horsidfo","13":"tag-eu","14":"tag-europe","15":"tag-fr","16":"tag-france","17":"tag-haute-garonne-31","18":"tag-news","19":"tag-occitanie","20":"tag-republique-francaise","21":"tag-toulouse"},"share_on_mastodon":{"url":"https:\/\/pubeurope.com\/@fr\/115694964974095001","error":""},"_links":{"self":[{"href":"https:\/\/www.europesays.com\/fr\/wp-json\/wp\/v2\/posts\/590515","targetHints":{"allow":["GET"]}}],"collection":[{"href":"https:\/\/www.europesays.com\/fr\/wp-json\/wp\/v2\/posts"}],"about":[{"href":"https:\/\/www.europesays.com\/fr\/wp-json\/wp\/v2\/types\/post"}],"author":[{"embeddable":true,"href":"https:\/\/www.europesays.com\/fr\/wp-json\/wp\/v2\/users\/2"}],"replies":[{"embeddable":true,"href":"https:\/\/www.europesays.com\/fr\/wp-json\/wp\/v2\/comments?post=590515"}],"version-history":[{"count":0,"href":"https:\/\/www.europesays.com\/fr\/wp-json\/wp\/v2\/posts\/590515\/revisions"}],"wp:featuredmedia":[{"embeddable":true,"href":"https:\/\/www.europesays.com\/fr\/wp-json\/wp\/v2\/media\/590516"}],"wp:attachment":[{"href":"https:\/\/www.europesays.com\/fr\/wp-json\/wp\/v2\/media?parent=590515"}],"wp:term":[{"taxonomy":"category","embeddable":true,"href":"https:\/\/www.europesays.com\/fr\/wp-json\/wp\/v2\/categories?post=590515"},{"taxonomy":"post_tag","embeddable":true,"href":"https:\/\/www.europesays.com\/fr\/wp-json\/wp\/v2\/tags?post=590515"}],"curies":[{"name":"wp","href":"https:\/\/api.w.org\/{rel}","templated":true}]}}