{"id":590523,"date":"2025-12-10T11:14:19","date_gmt":"2025-12-10T11:14:19","guid":{"rendered":"https:\/\/www.europesays.com\/fr\/590523\/"},"modified":"2025-12-10T11:14:19","modified_gmt":"2025-12-10T11:14:19","slug":"a-marseille-franck-allisio-sestime-conforte-par-edouard-philippe","status":"publish","type":"post","link":"https:\/\/www.europesays.com\/fr\/590523\/","title":{"rendered":"\u00e0 Marseille, Franck Allisio s&rsquo;estime confort\u00e9 par \u00c9douard Philippe"},"content":{"rendered":"<p>Le pr\u00e9sident d&rsquo;Horizons, <a href=\"https:\/\/www.laprovence.com\/article\/politique\/173371774309614\/une-election-presidentielle-anticipee-edouard-philippe-en-appelle-a-emmanuel-macron-pour-sortir-de-la-crise\" target=\"_blank\" rel=\"noopener\">\u00c9douard Philippe<\/a>, a propos\u00e9 sur LCI de cr\u00e9er un \u00ab\u00a0<a href=\"https:\/\/www.laprovence.com\/article\/faits-divers-justice\/1341367544360914\/lutte-contre-le-narcotrafic-operation-coup-de-poing-a-marseille-15-points-de-deal-vises-et-1-500-policiers-deployes\" target=\"_blank\" rel=\"noopener\">\u00e9tat d&rsquo;urgence narco<\/a>\u00a0\u00bb qui serait \u00ab\u00a0d\u00e9rogatoire du droit commun\u00a0\u00bb, dans un cadre \u00ab\u00a0\u00e9videmment tr\u00e8s limit\u00e9 dans le temps et dans l&rsquo;espace\u00a0\u00bb.<\/p>\n<p>Ce qui diff\u00e8re de l&rsquo;application imm\u00e9diate du cadre l\u00e9gal actuel \u00ab\u00a0sur l&rsquo;ensemble de Marseille\u00a0\u00bb voulu par le candidat d&rsquo;extr\u00eame droite \u00e0 la mairie de Marseille, qui s&rsquo;estime toutefois confort\u00e9. \u00ab\u00a0La macronie passe son temps \u00e0 courir derri\u00e8re le Rassemblement national en g\u00e9n\u00e9ral et les propositions de <a href=\"https:\/\/www.laprovence.com\/article\/elections\/3091548603200414\/franck-allisio-rn-candidat-aux-municipales-2026-je-veux-qu-on-arrete-d-emmerder-les-marseillais\" target=\"_blank\" rel=\"noopener\">Franck Allisio<\/a> en particulier\u00a0\u00bb, s&rsquo;enorgueillit le RN dans un communiqu\u00e9.<\/p>\n","protected":false},"excerpt":{"rendered":"Le pr\u00e9sident d&rsquo;Horizons, \u00c9douard Philippe, a propos\u00e9 sur LCI de cr\u00e9er un \u00ab\u00a0\u00e9tat d&rsquo;urgence narco\u00a0\u00bb qui serait \u00ab\u00a0d\u00e9rogatoire&hellip;\n","protected":false},"author":2,"featured_media":590524,"comment_status":"","ping_status":"","sticky":false,"template":"","format":"standard","meta":{"footnotes":""},"categories":[2814],"tags":[17,1111,11,19140,33049,16309,1777,674,1011,27,12182,884,70390,12,316,882,25,70391],"class_list":{"0":"post-590523","1":"post","2":"type-post","3":"status-publish","4":"format-standard","5":"has-post-thumbnail","7":"category-marseille","8":"tag-17","9":"tag-actu","10":"tag-actualites","11":"tag-allisio","12":"tag-durgence","13":"tag-etat","14":"tag-eu","15":"tag-europe","16":"tag-fr","17":"tag-france","18":"tag-franck","19":"tag-marseille","20":"tag-narco","21":"tag-news","22":"tag-politique","23":"tag-provence-alpes-cote-dazur","24":"tag-republique-francaise","25":"tag-sestime"},"share_on_mastodon":{"url":"https:\/\/pubeurope.com\/@fr\/115694984548855701","error":""},"_links":{"self":[{"href":"https:\/\/www.europesays.com\/fr\/wp-json\/wp\/v2\/posts\/590523","targetHints":{"allow":["GET"]}}],"collection":[{"href":"https:\/\/www.europesays.com\/fr\/wp-json\/wp\/v2\/posts"}],"about":[{"href":"https:\/\/www.europesays.com\/fr\/wp-json\/wp\/v2\/types\/post"}],"author":[{"embeddable":true,"href":"https:\/\/www.europesays.com\/fr\/wp-json\/wp\/v2\/users\/2"}],"replies":[{"embeddable":true,"href":"https:\/\/www.europesays.com\/fr\/wp-json\/wp\/v2\/comments?post=590523"}],"version-history":[{"count":0,"href":"https:\/\/www.europesays.com\/fr\/wp-json\/wp\/v2\/posts\/590523\/revisions"}],"wp:featuredmedia":[{"embeddable":true,"href":"https:\/\/www.europesays.com\/fr\/wp-json\/wp\/v2\/media\/590524"}],"wp:attachment":[{"href":"https:\/\/www.europesays.com\/fr\/wp-json\/wp\/v2\/media?parent=590523"}],"wp:term":[{"taxonomy":"category","embeddable":true,"href":"https:\/\/www.europesays.com\/fr\/wp-json\/wp\/v2\/categories?post=590523"},{"taxonomy":"post_tag","embeddable":true,"href":"https:\/\/www.europesays.com\/fr\/wp-json\/wp\/v2\/tags?post=590523"}],"curies":[{"name":"wp","href":"https:\/\/api.w.org\/{rel}","templated":true}]}}