{"id":590525,"date":"2025-12-10T11:15:27","date_gmt":"2025-12-10T11:15:27","guid":{"rendered":"https:\/\/www.europesays.com\/fr\/590525\/"},"modified":"2025-12-10T11:15:27","modified_gmt":"2025-12-10T11:15:27","slug":"metropole-de-lyon-une-tentative-denlevement-ce-mercredi-matin-a-lest-de-lyon","status":"publish","type":"post","link":"https:\/\/www.europesays.com\/fr\/590525\/","title":{"rendered":"M\u00e9tropole de Lyon. Une tentative d\u2019enl\u00e8vement ce mercredi matin \u00e0 l\u2019est de Lyon"},"content":{"rendered":"<p>Il est entre 4 et 5 heures, ce mercredi 10\u00a0d\u00e9cembre au matin, lorsque la police re\u00e7oit un appel. Au bout du fil, une femme informe les agents que deux individus se sont introduits au domicile de son fr\u00e8re, \u00e0 Bron, afin de le kidnapper.<\/p>\n<p>Selon nos informations, d\u2019autres ravisseurs se seraient, en outre, rendus au domicile de leur p\u00e8re, situ\u00e9 dans le sixi\u00e8me arrondissement de Lyon, probablement dans le but d\u2019extorquer une ran\u00e7on.<\/p>\n<p>  La victime lib\u00e9r\u00e9e peu de temps apr\u00e8s<\/p>\n<p>Gr\u00e2ce \u00e0 l\u2019exploitation de la vid\u00e9osurveillance, les policiers rep\u00e8rent le v\u00e9hicule utilis\u00e9 par les kidnappeurs et un \u00e9quipage de la BAC l\u2019intercepte peu apr\u00e8s. La victime a \u00e9t\u00e9 lib\u00e9r\u00e9e et les suspects interpell\u00e9s.<\/p>\n<p>On ne sait, pour l\u2019heure, si les suspects pr\u00e9sents chez le p\u00e8re de la victime ont r\u00e9ussi \u00e0 prendre la fuite o\u00f9 pu \u00eatre \u00e9galement arr\u00eat\u00e9s par les forces de l\u2019ordre.<\/p>\n","protected":false},"excerpt":{"rendered":"Il est entre 4 et 5 heures, ce mercredi 10\u00a0d\u00e9cembre au matin, lorsque la police re\u00e7oit un appel.&hellip;\n","protected":false},"author":2,"featured_media":590526,"comment_status":"","ping_status":"","sticky":false,"template":"","format":"standard","meta":{"footnotes":""},"categories":[1889],"tags":[1111,11,2430,9492,12890,271,272,3152,1777,674,274,107,1011,27,2428,12,25,2429],"class_list":{"0":"post-590525","1":"post","2":"type-post","3":"status-publish","4":"format-standard","5":"has-post-thumbnail","7":"category-lyon","8":"tag-actu","9":"tag-actualites","10":"tag-auvergne-rhone-alpes","11":"tag-bron","12":"tag-bron-ville","13":"tag-crime","14":"tag-delit-et-contravention","15":"tag-edition-est-lyonnais","16":"tag-eu","17":"tag-europe","18":"tag-faits-divers-justice","19":"tag-fil-info","20":"tag-fr","21":"tag-france","22":"tag-lyon","23":"tag-news","24":"tag-republique-francaise","25":"tag-rhone"},"share_on_mastodon":{"url":"https:\/\/pubeurope.com\/@fr\/115694988670951929","error":""},"_links":{"self":[{"href":"https:\/\/www.europesays.com\/fr\/wp-json\/wp\/v2\/posts\/590525","targetHints":{"allow":["GET"]}}],"collection":[{"href":"https:\/\/www.europesays.com\/fr\/wp-json\/wp\/v2\/posts"}],"about":[{"href":"https:\/\/www.europesays.com\/fr\/wp-json\/wp\/v2\/types\/post"}],"author":[{"embeddable":true,"href":"https:\/\/www.europesays.com\/fr\/wp-json\/wp\/v2\/users\/2"}],"replies":[{"embeddable":true,"href":"https:\/\/www.europesays.com\/fr\/wp-json\/wp\/v2\/comments?post=590525"}],"version-history":[{"count":0,"href":"https:\/\/www.europesays.com\/fr\/wp-json\/wp\/v2\/posts\/590525\/revisions"}],"wp:featuredmedia":[{"embeddable":true,"href":"https:\/\/www.europesays.com\/fr\/wp-json\/wp\/v2\/media\/590526"}],"wp:attachment":[{"href":"https:\/\/www.europesays.com\/fr\/wp-json\/wp\/v2\/media?parent=590525"}],"wp:term":[{"taxonomy":"category","embeddable":true,"href":"https:\/\/www.europesays.com\/fr\/wp-json\/wp\/v2\/categories?post=590525"},{"taxonomy":"post_tag","embeddable":true,"href":"https:\/\/www.europesays.com\/fr\/wp-json\/wp\/v2\/tags?post=590525"}],"curies":[{"name":"wp","href":"https:\/\/api.w.org\/{rel}","templated":true}]}}