{"id":590527,"date":"2025-12-10T11:16:20","date_gmt":"2025-12-10T11:16:20","guid":{"rendered":"https:\/\/www.europesays.com\/fr\/590527\/"},"modified":"2025-12-10T11:16:20","modified_gmt":"2025-12-10T11:16:20","slug":"le-festival-place-en-liquidation-judiciaire","status":"publish","type":"post","link":"https:\/\/www.europesays.com\/fr\/590527\/","title":{"rendered":"le festival plac\u00e9 en liquidation judiciaire"},"content":{"rendered":"<p>C\u2019\u00e9tait l\u2019ultime \u00e9ch\u00e9ance\u00a0: une audience du tribunal fix\u00e9e ce mardi 9\u00a0d\u00e9cembre. Et malheureusement, mais conform\u00e9ment \u00e0 ce \u00e0 quoi l\u2019on s\u2019attendait, la justice a d\u00e9finitivement plac\u00e9 le festival \u00e9co-musical lyonnais, organis\u00e9 depuis plus de 25 ans au parc de Miribel-Jonage (et l\u2019\u00e9t\u00e9 dernier \u00e0 celui de Gerland), endett\u00e9 \u00e0 hauteur de plusieurs centaines de milliers d\u2019euros, en liquidation judiciaire. Cette fois, c\u2019est vraiment fini pour Woodstower.<\/p>\n<p>Une fin \u00ab\u00a0attendue\u00a0\u00bb, devenue <a href=\"https:\/\/www.leprogres.fr\/culture-loisirs\/2025\/11\/21\/festival-woodstower-les-deux-repreneurs-potentiels-jettent-l-eponge-ca-sent-la-fin-(-)\" target=\"_blank\" rel=\"noopener\"> in\u00e9luctable ces derni\u00e8res semaines<\/a> mais douloureuse pour les organisateurs. \u00ab\u00a0Suite aux d\u00e9sistements des candidats \u00e0 la reprise, nous n\u2019avions plus beaucoup d\u2019espoir regrette Maxime Noly, le directeur g\u00e9n\u00e9ral. Nous prenons acte de la d\u00e9cision du tribunal. Les salari\u00e9s vont faire l\u2019objet d\u2019une proc\u00e9dure de licenciement \u00e9conomique. C\u2019est difficile, mais on a quand m\u00eame envie de rebondir, avec le savoir-faire qui est le n\u00f4tre. Mais pour cela, il va falloir du temps.\u00a0\u00bb<\/p>\n<p>A midi, l\u2019association a communiqu\u00e9 sur ses r\u00e9seaux sociaux\u00a0: \u00ab\u00a0Woodstower\u00a0: 1997-2025. On vous remercie pour cette incroyable aventure humaine les Woods. 28 ans ensemble et des milliers de souvenirs sont impossibles \u00e0 compiler en un seul post.\u00a0Prenez soin de vous et encore merci pour tout, vraiment.\u00a0Si cette aventure s\u2019arr\u00eate aujourd\u2019hui, l\u2019esprit de Woodstower perdurera.\u00a0\u00bb<\/p>\n<p>  \u00ab\u00a0On a quand m\u00eame envie de rebondir\u00a0\u00bb<\/p>\n<p>\ufeffLes organisateurs, dont l\u2019association avait \u00e9t\u00e9 plac\u00e9e en liquidation judiciaire apr\u00e8s plusieurs \u00ab\u00a0sauvetages\u00a0\u00bb des collectivit\u00e9s locales, <a href=\"https:\/\/www.leprogres.fr\/culture-loisirs\/2025\/09\/12\/qui-sauvera-le-festival-woodstower-l-association-cherche-un-repreneur\" target=\"_blank\" rel=\"noopener\">avaient tir\u00e9 la sonnette d\u2019alarme d\u00e8s la rentr\u00e9e<\/a> de septembre, appelant \u00e0 de potentiels repreneurs. Deux dossiers avaient \u00e9t\u00e9 d\u00e9pos\u00e9s\u00a0: un trio Ninkasi (la brasserie et son \u00ab\u00a0lab\u00a0\u00bb musical), Nomad Kitchens (Lyon Street Food Festival) et IzyPay (service de billetterie), et le groupe m\u00e9dias Rosebud (les journaux Tribune de Lyon, Grains de sel, la Com\u00e9die Od\u00e9on\u2026). Les deux se sont finalement retir\u00e9s \u00e0 la mi-novembre.<\/p>\n<p>Le festival Woodstower enregistrait plus de 20\u00a0000 spectateurs \u00e0 chaque \u00e9dition et a eu \u00e0 l\u2019affiche des noms comme Pete Doherty, Supr\u00eame NTM, Deluxe, Olivia Ruiz, Nekfeu, <a href=\"https:\/\/www.leprogres.fr\/p\/booba\" target=\"_blank\" rel=\"noopener\">Booba<\/a>, Keziah Jones, Damso, Kavinsky ou <a href=\"https:\/\/www.leprogres.fr\/p\/angele\" target=\"_blank\" rel=\"noopener\">Ang\u00e8le<\/a>.<\/p>\n","protected":false},"excerpt":{"rendered":"C\u2019\u00e9tait l\u2019ultime \u00e9ch\u00e9ance\u00a0: une audience du tribunal fix\u00e9e ce mardi 9\u00a0d\u00e9cembre. Et malheureusement, mais conform\u00e9ment \u00e0 ce \u00e0&hellip;\n","protected":false},"author":2,"featured_media":590528,"comment_status":"","ping_status":"","sticky":false,"template":"","format":"standard","meta":{"footnotes":""},"categories":[1889],"tags":[1111,11,2430,1687,2757,1777,674,1011,27,2428,2756,873,12,25,2429,3140],"class_list":{"0":"post-590527","1":"post","2":"type-post","3":"status-publish","4":"format-standard","5":"has-post-thumbnail","7":"category-lyon","8":"tag-actu","9":"tag-actualites","10":"tag-auvergne-rhone-alpes","11":"tag-culture-loisirs","12":"tag-edition-lyon-villeurbanne","13":"tag-eu","14":"tag-europe","15":"tag-fr","16":"tag-france","17":"tag-lyon","18":"tag-lyon-bassin","19":"tag-musique","20":"tag-news","21":"tag-republique-francaise","22":"tag-rhone","23":"tag-spectacle"},"share_on_mastodon":{"url":"https:\/\/pubeurope.com\/@fr\/115694992335508473","error":""},"_links":{"self":[{"href":"https:\/\/www.europesays.com\/fr\/wp-json\/wp\/v2\/posts\/590527","targetHints":{"allow":["GET"]}}],"collection":[{"href":"https:\/\/www.europesays.com\/fr\/wp-json\/wp\/v2\/posts"}],"about":[{"href":"https:\/\/www.europesays.com\/fr\/wp-json\/wp\/v2\/types\/post"}],"author":[{"embeddable":true,"href":"https:\/\/www.europesays.com\/fr\/wp-json\/wp\/v2\/users\/2"}],"replies":[{"embeddable":true,"href":"https:\/\/www.europesays.com\/fr\/wp-json\/wp\/v2\/comments?post=590527"}],"version-history":[{"count":0,"href":"https:\/\/www.europesays.com\/fr\/wp-json\/wp\/v2\/posts\/590527\/revisions"}],"wp:featuredmedia":[{"embeddable":true,"href":"https:\/\/www.europesays.com\/fr\/wp-json\/wp\/v2\/media\/590528"}],"wp:attachment":[{"href":"https:\/\/www.europesays.com\/fr\/wp-json\/wp\/v2\/media?parent=590527"}],"wp:term":[{"taxonomy":"category","embeddable":true,"href":"https:\/\/www.europesays.com\/fr\/wp-json\/wp\/v2\/categories?post=590527"},{"taxonomy":"post_tag","embeddable":true,"href":"https:\/\/www.europesays.com\/fr\/wp-json\/wp\/v2\/tags?post=590527"}],"curies":[{"name":"wp","href":"https:\/\/api.w.org\/{rel}","templated":true}]}}