{"id":590529,"date":"2025-12-10T11:19:13","date_gmt":"2025-12-10T11:19:13","guid":{"rendered":"https:\/\/www.europesays.com\/fr\/590529\/"},"modified":"2025-12-10T11:19:13","modified_gmt":"2025-12-10T11:19:13","slug":"libere-alexandre-djouhri-interdit-de-quitter-lile-de-france-et-prive-de-passeports","status":"publish","type":"post","link":"https:\/\/www.europesays.com\/fr\/590529\/","title":{"rendered":"Lib\u00e9r\u00e9, Alexandre Djouhri interdit de quitter l&rsquo;\u00cele-de-France et priv\u00e9 de passeports"},"content":{"rendered":"<p>AA \/ Istanbul \/ Mariem Njeh<\/p>\n<p>La cour d&rsquo;appel de Paris a ordonn\u00e9, mercredi, la remise en libert\u00e9 sous contr\u00f4le judiciaire de l&rsquo;interm\u00e9diaire franco-alg\u00e9rien Alexandre Djouhri, revenant sur une pr\u00e9c\u00e9dente d\u00e9cision qui le maintenait en d\u00e9tention.<\/p>\n<p>L&rsquo;homme d&rsquo;affaires devra toutefois se soumettre \u00e0 des obligations rigoureuses.<\/p>\n<p><strong>&#8211; Restrictions et surveillance<\/strong><\/p>\n<p>Outre l&rsquo;interdiction formelle de quitter la r\u00e9gion \u00cele-de-France, Alexandre Djouhri se voit interdire toute activit\u00e9 d&rsquo;interm\u00e9diation \u00e9conomique.<\/p>\n<p>Il est \u00e9galement astreint \u00e0 une assignation \u00e0 r\u00e9sidence stricte : il a l&rsquo;interdiction de s&rsquo;absenter de son domicile en r\u00e9gion parisienne entre 8 heures et 20 heures. Il devra par ailleurs remettre ses deux passeports, fran\u00e7ais et alg\u00e9rien, \u00e0 la justice et pointer une fois par semaine \u00e0 la gendarmerie. Tout contact avec ses copr\u00e9venus est proscrit, affirme BFMTV.<\/p>\n<p><strong>&#8211; Risque de fuite<\/strong><\/p>\n<p>Cette remise en libert\u00e9 s&rsquo;est jou\u00e9e dans un climat de d\u00e9fiance. Le parquet g\u00e9n\u00e9ral s&rsquo;\u00e9tait oppos\u00e9 \u00e0 sa sortie de prison, pointant le risque de fuite \u00e0 l&rsquo;\u00e9tranger.<\/p>\n<p>L&rsquo;accusation avait sp\u00e9cifiquement mis en avant sa double nationalit\u00e9 et le risque d&rsquo;un d\u00e9part vers l&rsquo;Alg\u00e9rie.<\/p>\n<p>Cette d\u00e9cision marque un revirement judiciaire pour l&rsquo;homme d&rsquo;affaires. La semaine derni\u00e8re encore, la justice avait rejet\u00e9 sa demande, suivant les r\u00e9quisitions du parquet g\u00e9n\u00e9ral qui s&rsquo;inqui\u00e9tait d&rsquo;un \u00ab risque de fuite \u00e0 l&rsquo;\u00e9tranger \u00bb. Son avocat, Charles Consigny, avait alors d\u00e9nonc\u00e9 une d\u00e9cision \u00ab insupportable \u00bb et discriminatoire, estimant que son client \u00e9tait p\u00e9nalis\u00e9 en raison de sa \u00ab binationalit\u00e9 franco-alg\u00e9rienne \u00bb.<\/p>\n<p><strong>&#8211; Condamnation et appel<\/strong><\/p>\n<p>Alexandre Djouhri avait \u00e9t\u00e9 condamn\u00e9 le 25 septembre dernier \u00e0 six ans d&#8217;emprisonnement, assortis d&rsquo;un mandat de d\u00e9p\u00f4t (incarc\u00e9ration imm\u00e9diate), et \u00e0 trois millions d&rsquo;euros d&rsquo;amende. Le tribunal l&rsquo;avait reconnu coupable de son r\u00f4le central dans des montages financiers complexes impliquant d&rsquo;anciens dignitaires du r\u00e9gime libyen de Mouammar Kadhafi.<\/p>\n<p>L&rsquo;interm\u00e9diaire, r\u00e9put\u00e9 proche de l&rsquo;entourage de l&rsquo;ancien pr\u00e9sident Nicolas Sarkozy, a fait appel de cette condamnation. Il compara\u00eetra donc en libert\u00e9 lors de son second proc\u00e8s.<\/p>\n<p><strong>&#8211; Une affaire complexe et \u00e9tendue<\/strong><\/p>\n<p>Ce dossier trouve son origine dans les accusations du clan Kadhafi apr\u00e8s la rupture entre Paris et Tripoli en 2011.<\/p>\n<p>En 2012, Mediapart publiait un document attribu\u00e9 aux services libyens faisant \u00e9tat d\u2019un accord de financement \u00e0 hauteur de 50 millions d\u2019euros.<\/p>\n<p>D\u00e8s 2011, Sa\u00eff al-Islam Kadhafi affirmait publiquement que \u00ab Sarkozy devait rendre l\u2019argent \u00bb. En 2018, dans un reportage de France 2, l\u2019ancien interpr\u00e8te de Mouammar Kadhafi, Moftah Missouri, affirmait lui aussi que le dirigeant libyen avait aid\u00e9 Nicolas Sarkozy en lui fournissant de l\u2019argent pour sa campagne.<\/p>\n<p>Ces propos \u00e9taient corrobor\u00e9s par B\u00e9chir Saleh, ancien directeur de cabinet de Kadhafi, \u00e9galement condamn\u00e9 \u00e0 5 ans de prison, film\u00e9 en cam\u00e9ra cach\u00e9e, qui reconnaissait l\u2019existence d\u2019un \u00ab budget sp\u00e9cial \u00bb destin\u00e9 \u00e0 soutenir des personnalit\u00e9s \u00e9trang\u00e8res.<\/p>\n<p>L&rsquo;affaire a \u00e9t\u00e9 r\u00e9cemment marqu\u00e9e par le d\u00e9c\u00e8s, \u00e0 la veille du d\u00e9lib\u00e9r\u00e9 de premi\u00e8re instance, de Ziad Takieddine. Autre figure cl\u00e9 du dossier, Takieddine avait d&rsquo;abord accus\u00e9 l&rsquo;ancien pr\u00e9sident fran\u00e7ais avant de se r\u00e9tracter spectaculairement en 2020. Une enqu\u00eate ult\u00e9rieure a \u00e9tabli que cette r\u00e9tractation avait \u00e9t\u00e9 monnay\u00e9e.<\/p>\n<p>                            &#13;<br \/>\n                                <a href=\"https:\/\/www.aa.com.tr\/fr\/p\/abonnement\/1001\" target=\"_blank\" style=\"font-size:12px; color:#444; text-decoration:none;\" rel=\"noopener\">&#13;<br \/>\n                                    Seulement une partie des d\u00e9p\u00eaches, que l&rsquo;Agence Anadolu diffuse \u00e0 ses abonn\u00e9s via le Syst\u00e8me de Diffusion interne (HAS), est diffus\u00e9e sur le site de l&rsquo;AA, de mani\u00e8re r\u00e9sum\u00e9e. <b style=\"color:#1897F7\">Contactez-nous s&rsquo;il vous pla\u00eet pour vous abonner.<\/b>&#13;<br \/>\n                                <\/a>&#13;<\/p>\n","protected":false},"excerpt":{"rendered":"AA \/ Istanbul \/ Mariem Njeh La cour d&rsquo;appel de Paris a ordonn\u00e9, mercredi, la remise en libert\u00e9&hellip;\n","protected":false},"author":2,"featured_media":590530,"comment_status":"","ping_status":"","sticky":false,"template":"","format":"standard","meta":{"footnotes":""},"categories":[1592],"tags":[1111,11,70392,70393,1785,1777,674,1011,27,662,12,626,25],"class_list":{"0":"post-590529","1":"post","2":"type-post","3":"status-publish","4":"format-standard","5":"has-post-thumbnail","7":"category-ile-de-france","8":"tag-actu","9":"tag-actualites","10":"tag-affaire-du-financement-libyen","11":"tag-alexandre-djouhri","12":"tag-anadolu-ajansi","13":"tag-eu","14":"tag-europe","15":"tag-fr","16":"tag-france","17":"tag-ile-de-france","18":"tag-news","19":"tag-paris","20":"tag-republique-francaise"},"share_on_mastodon":{"url":"https:\/\/pubeurope.com\/@fr\/115695004225557257","error":""},"_links":{"self":[{"href":"https:\/\/www.europesays.com\/fr\/wp-json\/wp\/v2\/posts\/590529","targetHints":{"allow":["GET"]}}],"collection":[{"href":"https:\/\/www.europesays.com\/fr\/wp-json\/wp\/v2\/posts"}],"about":[{"href":"https:\/\/www.europesays.com\/fr\/wp-json\/wp\/v2\/types\/post"}],"author":[{"embeddable":true,"href":"https:\/\/www.europesays.com\/fr\/wp-json\/wp\/v2\/users\/2"}],"replies":[{"embeddable":true,"href":"https:\/\/www.europesays.com\/fr\/wp-json\/wp\/v2\/comments?post=590529"}],"version-history":[{"count":0,"href":"https:\/\/www.europesays.com\/fr\/wp-json\/wp\/v2\/posts\/590529\/revisions"}],"wp:featuredmedia":[{"embeddable":true,"href":"https:\/\/www.europesays.com\/fr\/wp-json\/wp\/v2\/media\/590530"}],"wp:attachment":[{"href":"https:\/\/www.europesays.com\/fr\/wp-json\/wp\/v2\/media?parent=590529"}],"wp:term":[{"taxonomy":"category","embeddable":true,"href":"https:\/\/www.europesays.com\/fr\/wp-json\/wp\/v2\/categories?post=590529"},{"taxonomy":"post_tag","embeddable":true,"href":"https:\/\/www.europesays.com\/fr\/wp-json\/wp\/v2\/tags?post=590529"}],"curies":[{"name":"wp","href":"https:\/\/api.w.org\/{rel}","templated":true}]}}