{"id":590533,"date":"2025-12-10T11:21:23","date_gmt":"2025-12-10T11:21:23","guid":{"rendered":"https:\/\/www.europesays.com\/fr\/590533\/"},"modified":"2025-12-10T11:21:23","modified_gmt":"2025-12-10T11:21:23","slug":"enfant-rase-par-ses-educateurs-dans-un-foyer-a-paris-la-punition-qui-choque","status":"publish","type":"post","link":"https:\/\/www.europesays.com\/fr\/590533\/","title":{"rendered":"Enfant ras\u00e9 par ses \u00e9ducateurs dans un foyer \u00e0 Paris : la punition qui choque"},"content":{"rendered":"<ul class=\"jsx-862013697 ArticleChapo__List\">\n<li class=\"jsx-862013697 ArticleChapo__List_Item flex\">La sc\u00e8ne s&rsquo;est d\u00e9roul\u00e9e en f\u00e9vrier dernier, mais elle vient juste d&rsquo;\u00eatre r\u00e9v\u00e9l\u00e9e.<\/li>\n<li class=\"jsx-862013697 ArticleChapo__List_Item flex\">Un gar\u00e7on de 8 ans, plac\u00e9 dans un foyer de l&rsquo;Aide Sociale \u00e0 l&rsquo;Enfance \u00e0 Paris, a eu le cr\u00e2ne ras\u00e9 par des \u00e9ducateurs, sans son accord ni celui de ses parents.<\/li>\n<li class=\"jsx-862013697 ArticleChapo__List_Item flex\">Le 20H de TF1 retrace les faits.<\/li>\n<\/ul>\n<p><a href=\"https:\/\/www.tf1info.fr\/emissions\/tf1\/le-20h-11001\/\" rel=\"noopener\" class=\"jsx-484472199 Link jsx-1428418400 jsx-640816507\" target=\"_blank\"><\/p>\n<p style=\"font-weight:400\" class=\"jsx-1837267516\">Suivez la couverture compl\u00e8te<\/p>\n<p style=\"font-weight:800\" class=\"jsx-1837267516\">Le 20H<\/p>\n<p><\/a><\/p>\n<p data-module=\"article-paragraph\" class=\"jsx-3046738180 Paragraph Paragraph__End\">La sc\u00e8ne a \u00e9t\u00e9 film\u00e9e et partag\u00e9e dans un groupe de messagerie entre <a href=\"https:\/\/www.tf1info.fr\/justice-faits-divers\/des-faits-gravissimes-une-educatrice-filmee-en-train-de-tondre-un-enfant-de-8-ans-dans-un-foyer-a-paris-2411765.html\" target=\"_blank\" rel=\"noopener\">les \u00e9ducateurs d&rsquo;un foyer de l&rsquo;Aide Sociale \u00e0 l&rsquo;Enfance<\/a> \u00e0 Paris. Et elle a de quoi choquer. Sur ces images, on d\u00e9couvre une \u00e9ducatrice tondre un enfant de huit ans, torse nu. \u00ab\u00a0Vous avez vu avec les parents pour le raser \u00e0 blanc ?\u00a0\u00bb, interroge un des participants sur la messagerie. \u00ab\u00a0Non, nous avons pris la d\u00e9cision sans consulter personne\u00a0\u00bb, lui r\u00e9pond-on. \u00ab\u00a0Vous \u00eates fous. On est en plein hiver, il va avoir super froid\u00a0\u00bb, r\u00e9torque un troisi\u00e8me.\u00a0<\/p>\n<p>La m\u00e8re de l&rsquo;enfant porte plainte<\/p>\n<p data-module=\"article-paragraph\" class=\"jsx-3046738180 Paragraph\">La conversation continue. \u00ab\u00a0C&rsquo;\u00e9tait sa demande ?\u00a0\u00bb, demande un autre \u00e9ducateur. \u00ab\u00a0C&rsquo;est une sanction\u00a0\u00bb, avance l&rsquo;un des auteurs. \u00ab\u00a0C&rsquo;est une blague ? Si c&rsquo;est une blague, pour rappel, c&rsquo;est un groupe WhatsApp professionnel et non un groupe de potes. Si ce n&rsquo;est pas une blague, c&rsquo;est tr\u00e8s, tr\u00e8s grave\u00a0\u00bb, rappelle \u00e0 l&rsquo;ordre un intervenant. Il s&rsquo;agirait donc d&rsquo;une sanction d\u00e9cid\u00e9e par les \u00e9ducateurs de ce foyer o\u00f9 l&rsquo;enfant \u00e9tait plac\u00e9 depuis un an.\u00a0<\/p>\n<p data-module=\"article-paragraph\" class=\"jsx-3046738180 Paragraph Paragraph__End\">Les faits remontent au mois de f\u00e9vrier dernier. \u00c0 l&rsquo;\u00e9poque, la direction aurait d&rsquo;abord pr\u00e9text\u00e9 une erreur du coiffeur, puis un probl\u00e8me de poux, selon Me Axel Delaunay-Belleville, l&rsquo;avocat de la m\u00e8re du gar\u00e7on. \u00ab\u00a0Il y a quand m\u00eame la volont\u00e9 chez elle de poursuivre le combat, pas un combat pour que des t\u00eates tombent, \u00e7a, je veux vraiment le dire, mais un combat pour qu&rsquo;\u00e0 l&rsquo;arriv\u00e9e, les responsabilit\u00e9s soient reconnues\u00a0\u00bb, affirme-t-il dans le reportage du 20H de TF1 en t\u00eate de cet article. La m\u00e8re de l&rsquo;enfant va d\u00e9poser plainte.\u00a0<\/p>\n<p><a href=\"https:\/\/www.tf1info.fr\/societe\/podcast-inspirants-marie-laure-duflos-violences-prostitution-narcotrafic-une-juge-pour-enfants-raconte-son-quotidien-a-fx-menage-2410013.html\" rel=\"noopener\" class=\"jsx-3308031228 Link flex\" target=\"_blank\"><img decoding=\"async\" src=\"https:\/\/www.europesays.com\/fr\/wp-content\/uploads\/2025\/12\/podcast-inspirants-vignette-juge-pour-enfantsvignetteinspirantsjugepourenfants_00000-2-bee6d5-0@1x.j.jpeg\" alt=\"TF1\" loading=\"lazy\" importance=\"low\" fetchpriority=\"low\" class=\"\" aria-hidden=\"true\"\/><\/p>\n<p class=\"jsx-3657663356 ReadMoreArticle__Title\">Lire aussi<\/p>\n<p class=\"jsx-3657663356\">PODCAST &#8211; Violences, prostitution, narcotrafic&#8230; Une juge pour enfants raconte son quotidien \u00e0 FX M\u00e9nage<\/p>\n<p><\/a><\/p>\n<p data-module=\"article-paragraph\" class=\"jsx-3046738180 Paragraph\">Certains professionnels du secteur mettent en cause le manque de moyens allou\u00e9s \u00e0 la protection de l&rsquo;enfance et de contr\u00f4les. \u00ab\u00a0Aujourd&rsquo;hui, en fin de compte, on se retrouve dans des foyers avec des va-et-vient, des int\u00e9rimaires, des gens qui ne sont pas form\u00e9s, des gens qui sont sous-pay\u00e9s aussi. Donc, du coup, le m\u00e9tier n&rsquo;est pas du tout attractif\u00a0\u00bb, indique Hamza Bensatem, pr\u00e9sident de l&rsquo;association \u00ab\u00a0Adepape 13\u00a0\u00bb \u00e0 Marseille.<\/p>\n<p data-module=\"article-paragraph\" class=\"jsx-3046738180 Paragraph Paragraph__End\">La mairie de Paris parle \u00ab\u00a0d&rsquo;humiliation\u00a0\u00bb et dit avoir envoy\u00e9 un signalement mardi au procureur. Le parquet de Paris vient d&rsquo;ouvrir une enqu\u00eate pour \u00ab\u00a0violences volontaires sur mineurs par personne ayant autorit\u00e9\u00a0\u00bb. La D\u00e9fenseure des droits Claire H\u00e9don a de son c\u00f4t\u00e9 annonc\u00e9 ce mercredi \u00ab\u00a0s&rsquo;autosaisir\u00a0\u00bb apr\u00e8s la diffusion de cette vid\u00e9o, d\u00e9non\u00e7ant une situation \u00ab\u00a0\u00e9pouvantable\u00a0\u00bb, tandis que dans un message post\u00e9 sur X, la ministre de la Sant\u00e9, St\u00e9phanie Rist, a indiqu\u00e9 saisir la procureure de Paris.<\/p>\n<p>V. F | Reportage : Sophie CHEVALLEREAU, Emma THIRARD et Ani BASAR<\/p>\n","protected":false},"excerpt":{"rendered":"La sc\u00e8ne s&rsquo;est d\u00e9roul\u00e9e en f\u00e9vrier dernier, mais elle vient juste d&rsquo;\u00eatre r\u00e9v\u00e9l\u00e9e. Un gar\u00e7on de 8 ans,&hellip;\n","protected":false},"author":2,"featured_media":590534,"comment_status":"","ping_status":"","sticky":false,"template":"","format":"standard","meta":{"footnotes":""},"categories":[1888],"tags":[1111,1928,11,1927,1921,1777,674,6017,1011,27,1922,303,2954,2952,12,1926,626,1925,25,133,2953],"class_list":{"0":"post-590533","1":"post","2":"type-post","3":"status-publish","4":"format-standard","5":"has-post-thumbnail","7":"category-paris","8":"tag-actu","9":"tag-actu-paris","10":"tag-actualites","11":"tag-actualites-paris","12":"tag-article-video","13":"tag-eu","14":"tag-europe","15":"tag-fait-divers","16":"tag-fr","17":"tag-france","18":"tag-info","19":"tag-justice","20":"tag-justice-et-faits-divers","21":"tag-le-20h","22":"tag-news","23":"tag-news-paris","24":"tag-paris","25":"tag-paris-news","26":"tag-republique-francaise","27":"tag-video","28":"tag-video-police"},"share_on_mastodon":{"url":"https:\/\/pubeurope.com\/@fr\/115695013045556230","error":""},"_links":{"self":[{"href":"https:\/\/www.europesays.com\/fr\/wp-json\/wp\/v2\/posts\/590533","targetHints":{"allow":["GET"]}}],"collection":[{"href":"https:\/\/www.europesays.com\/fr\/wp-json\/wp\/v2\/posts"}],"about":[{"href":"https:\/\/www.europesays.com\/fr\/wp-json\/wp\/v2\/types\/post"}],"author":[{"embeddable":true,"href":"https:\/\/www.europesays.com\/fr\/wp-json\/wp\/v2\/users\/2"}],"replies":[{"embeddable":true,"href":"https:\/\/www.europesays.com\/fr\/wp-json\/wp\/v2\/comments?post=590533"}],"version-history":[{"count":0,"href":"https:\/\/www.europesays.com\/fr\/wp-json\/wp\/v2\/posts\/590533\/revisions"}],"wp:featuredmedia":[{"embeddable":true,"href":"https:\/\/www.europesays.com\/fr\/wp-json\/wp\/v2\/media\/590534"}],"wp:attachment":[{"href":"https:\/\/www.europesays.com\/fr\/wp-json\/wp\/v2\/media?parent=590533"}],"wp:term":[{"taxonomy":"category","embeddable":true,"href":"https:\/\/www.europesays.com\/fr\/wp-json\/wp\/v2\/categories?post=590533"},{"taxonomy":"post_tag","embeddable":true,"href":"https:\/\/www.europesays.com\/fr\/wp-json\/wp\/v2\/tags?post=590533"}],"curies":[{"name":"wp","href":"https:\/\/api.w.org\/{rel}","templated":true}]}}