{"id":590537,"date":"2025-12-10T11:23:17","date_gmt":"2025-12-10T11:23:17","guid":{"rendered":"https:\/\/www.europesays.com\/fr\/590537\/"},"modified":"2025-12-10T11:23:17","modified_gmt":"2025-12-10T11:23:17","slug":"garcon-de-8-ans-rase-par-des-educateurs-de-laide-sociale-a-lenfance-a-paris-un-controle-en-cours-dans-le-foyer","status":"publish","type":"post","link":"https:\/\/www.europesays.com\/fr\/590537\/","title":{"rendered":"Gar\u00e7on de 8\u00a0ans ras\u00e9 par des \u00e9ducateurs de l\u2019Aide sociale \u00e0 l\u2019enfance \u00e0 Paris\u00a0: un contr\u00f4le en cours dans le foyer"},"content":{"rendered":"<p class=\"paragraph text_align_left lp-f-body-02\">Il aura fallu attendre pr\u00e8s de dix mois pour que la machine se mette en route. Dix mois apr\u00e8s qu\u2019un gar\u00e7on de 8 ans plac\u00e9 dans un foyer de <a href=\"https:\/\/www.leparisien.fr\/oise-60\/les-enfants-se-tuent-a-petit-feu-chez-nous-laide-sociale-a-lenfance-vue-par-les-educateurs-et-les-jeunes-24-06-2025-V677KTMW2BG2BPNMAOIOOYJDQQ.php\" target=\"_self\" rel=\"noopener\">l\u2019aide sociale \u00e0 l\u2019enfance <\/a>(ASE) dans le XIIIe arrondissement de Paris se soit fait raser la t\u00eate en guise de \u00ab sanction \u00bb par des \u00e9ducateurs, un contr\u00f4le est en cours dans l\u2019\u00e9tablissement.<\/p>\n<p class=\"paragraph text_align_left lp-f-body-02\">La Ville de Paris, qui d\u00e9plorait ce mardi suite aux <a href=\"https:\/\/www.franceinfo.fr\/societe\/enfance-et-adolescence\/info-franceinfo-c-est-une-sanction-des-educateurs-rasent-les-cheveux-d-un-enfant-place-dans-un-foyer-a-paris-et-le-filment_7666297.html\" target=\"_self\" rel=\"noopener\">r\u00e9v\u00e9lations de l\u2019affaire par France info <\/a>\u00ab des manquements inacceptables \u00bb, proc\u00e8de ce mercredi matin \u00e0 une inspection au sein de la structure, comme nous le confirment les services municipaux.<\/p>\n<p class=\"paragraph text_align_left lp-f-body-02\">La Ville a saisi la justice. Le parquet de Paris a ouvert une enqu\u00eate pr\u00e9liminaire pour \u00ab violences volontaires sur mineur de 15 ans par personne ayant autorit\u00e9 \u00bb, confi\u00e9e au commissariat du XIIIe arrondissement.<\/p>\n<p class=\"paragraph text_align_left lp-f-body-02\">Ce mardi la ville annon\u00e7ait avoir \u00ab d\u00e9cid\u00e9 de saisir sans d\u00e9lai l\u2019autorit\u00e9 judiciaire afin que des suites y soient donn\u00e9es et (qu\u2019elle) se constituera \u00e9galement partie civile le cas \u00e9ch\u00e9ant \u00bb. Par ailleurs, elle indiquait avoir \u00ab diligent\u00e9 des enqu\u00eates administratives en utilisant son pouvoir d\u2019inspection et de contr\u00f4le \u00bb. \u00ab L\u2019association vient d\u2019apporter des premiers \u00e9l\u00e9ments de r\u00e9ponse, notamment le renouvellement de l\u2019\u00e9quipe et du chef d\u2019\u00e9quipe \u00bb, avaient ajout\u00e9 les services de la ville.<\/p>\n<p>La d\u00e9fenseure des droits se saisit du dossier<\/p>\n<p class=\"paragraph text_align_left lp-f-body-02\">Plus t\u00f4t dans la matin\u00e9e, ce mercredi, Claire H\u00e9don, <a href=\"https:\/\/www.leparisien.fr\/paris-75\/garcon-de-8-ans-rase-par-des-educateurs-a-lase-la-defenseure-des-droits-sauto-saisit-de-laffaire-10-12-2025-RNLOE52VWJH2NCKFDD4CJI7VSA.php\" target=\"_self\" rel=\"noopener\">la D\u00e9fenseure des droits, a annonc\u00e9 que son institution allait \u00ab s\u2019autosaisir \u00bb de ce dossier <\/a>qui r\u00e9v\u00e8le de multiples d\u00e9faillances au sein de la protection de l\u2019enfance parisienne.<\/p>\n<blockquote class=\"twitter-tweet\">\n<p lang=\"fr\" dir=\"ltr\">Je condamne fermement ces faits inacceptables. Raser les cheveux d\u2019un enfant comme sanction est une atteinte grave \u00e0 sa dignit\u00e9. C\u2019est la raison pour laquelle je saisis le procureur de Paris. <br \/>Les enfants confi\u00e9s \u00e0 la protection de l&rsquo;enfance doivent \u00eatre respect\u00e9s et prot\u00e9g\u00e9s,\u2026 <a href=\"https:\/\/t.co\/PreZfMTNBN\">pic.twitter.com\/PreZfMTNBN<\/a><\/p>\n<p>\u2014 St\u00e9phanie RIST (@stephanie_rist) <a href=\"https:\/\/twitter.com\/stephanie_rist\/status\/1998671933492134367?ref_src=twsrc%5Etfw\" target=\"_blank\" rel=\"noopener\">December 10, 2025<\/a><\/p><\/blockquote>\n<p class=\"paragraph text_align_left lp-f-body-02\">Tandis que la ministre de la Sant\u00e9 St\u00e9phanie Rist a d\u00e9clar\u00e9 sur X avoir saisi le procureur de Paris. \u00ab Je condamne fermement ces faits inacceptables. Raser les cheveux d\u2019un enfant comme sanction est une atteinte grave \u00e0 sa dignit\u00e9. C\u2019est la raison pour laquelle je saisis le procureur de Paris. Les enfants confi\u00e9s \u00e0 la protection de l\u2019enfance doivent \u00eatre respect\u00e9s et prot\u00e9g\u00e9s, jamais humili\u00e9s \u00bb, a-t-elle annonc\u00e9.<\/p>\n<p class=\"paragraph text_align_left lp-f-body-02\">Les faits remontent \u00e0 f\u00e9vrier dernier, dans un foyer de la capitale g\u00e9r\u00e9 par l\u2019<a href=\"https:\/\/www.leparisien.fr\/oise-60\/les-enfants-se-tuent-a-petit-feu-chez-nous-laide-sociale-a-lenfance-vue-par-les-educateurs-et-les-jeunes-24-06-2025-V677KTMW2BG2BPNMAOIOOYJDQQ.php\" rel=\"noopener\" target=\"_blank\">ASE<\/a> de Paris. Eliott (le pr\u00e9nom a \u00e9t\u00e9 modifi\u00e9), alors \u00e2g\u00e9 de 8 ans, aurait \u00e9t\u00e9 contraint par des \u00e9ducateurs de se faire raser le cr\u00e2ne en guise de sanction. Plus choquant encore : la sc\u00e8ne a \u00e9t\u00e9 film\u00e9e et diffus\u00e9e sur un groupe WhatsApp o\u00f9 l\u2019enfant \u00e9tait moqu\u00e9, sans qu\u2019aucun membre n\u2019alerte sa hi\u00e9rarchie. C\u2019est l\u2019avocat de la m\u00e8re d\u2019Eliott qui, en septembre, a signal\u00e9 ces faits aux autorit\u00e9s comp\u00e9tentes.<\/p>\n<p class=\"paragraph text_align_left lp-f-body-02\">Selon la ville de Paris, ces faits \u00ab gravissimes \u00bb se sont d\u00e9roul\u00e9s en f\u00e9vrier 2025 au <a href=\"https:\/\/www.leparisien.fr\/seine-saint-denis-93\/maltraitance-banalisee-negligences-lenfer-des-ados-places-dun-foyer-de-tremblay-en-france-12-08-2025-GQPZUVXOHBESXJ2I5NBL4T4U6Y.php\" rel=\"noopener\" target=\"_blank\">foyer \u00e9ducatif<\/a> Jenner, g\u00e9r\u00e9 par l\u2019association Jean-Coxtet et qui accueille des mineurs et jeunes majeurs plac\u00e9s par l\u2019Aide sociale \u00e0 l\u2019enfance (ASE) \u00e0 Paris.<\/p>\n<p><script async src=\"https:\/\/platform.twitter.com\/widgets.js\" charset=\"utf-8\"><\/script><\/p>\n","protected":false},"excerpt":{"rendered":"Il aura fallu attendre pr\u00e8s de dix mois pour que la machine se mette en route. Dix mois&hellip;\n","protected":false},"author":2,"featured_media":590538,"comment_status":"","ping_status":"","sticky":false,"template":"","format":"standard","meta":{"footnotes":""},"categories":[1888],"tags":[11,1777,674,1011,27,1944,12,626,25,104],"class_list":{"0":"post-590537","1":"post","2":"type-post","3":"status-publish","4":"format-standard","5":"has-post-thumbnail","7":"category-paris","8":"tag-actualites","9":"tag-eu","10":"tag-europe","11":"tag-fr","12":"tag-france","13":"tag-ma-ville","14":"tag-news","15":"tag-paris","16":"tag-republique-francaise","17":"tag-societe"},"share_on_mastodon":{"url":"https:\/\/pubeurope.com\/@fr\/115695020736114917","error":""},"_links":{"self":[{"href":"https:\/\/www.europesays.com\/fr\/wp-json\/wp\/v2\/posts\/590537","targetHints":{"allow":["GET"]}}],"collection":[{"href":"https:\/\/www.europesays.com\/fr\/wp-json\/wp\/v2\/posts"}],"about":[{"href":"https:\/\/www.europesays.com\/fr\/wp-json\/wp\/v2\/types\/post"}],"author":[{"embeddable":true,"href":"https:\/\/www.europesays.com\/fr\/wp-json\/wp\/v2\/users\/2"}],"replies":[{"embeddable":true,"href":"https:\/\/www.europesays.com\/fr\/wp-json\/wp\/v2\/comments?post=590537"}],"version-history":[{"count":0,"href":"https:\/\/www.europesays.com\/fr\/wp-json\/wp\/v2\/posts\/590537\/revisions"}],"wp:featuredmedia":[{"embeddable":true,"href":"https:\/\/www.europesays.com\/fr\/wp-json\/wp\/v2\/media\/590538"}],"wp:attachment":[{"href":"https:\/\/www.europesays.com\/fr\/wp-json\/wp\/v2\/media?parent=590537"}],"wp:term":[{"taxonomy":"category","embeddable":true,"href":"https:\/\/www.europesays.com\/fr\/wp-json\/wp\/v2\/categories?post=590537"},{"taxonomy":"post_tag","embeddable":true,"href":"https:\/\/www.europesays.com\/fr\/wp-json\/wp\/v2\/tags?post=590537"}],"curies":[{"name":"wp","href":"https:\/\/api.w.org\/{rel}","templated":true}]}}