{"id":590539,"date":"2025-12-10T11:24:28","date_gmt":"2025-12-10T11:24:28","guid":{"rendered":"https:\/\/www.europesays.com\/fr\/590539\/"},"modified":"2025-12-10T11:24:28","modified_gmt":"2025-12-10T11:24:28","slug":"la-finlande-cloture-sa-frontiere-avec-la-russie-accents-deurope","status":"publish","type":"post","link":"https:\/\/www.europesays.com\/fr\/590539\/","title":{"rendered":"La Finlande cl\u00f4ture sa fronti\u00e8re avec la Russie &#8211; Accents d&rsquo;Europe"},"content":{"rendered":"<p>\n                                                S\u2019il y a bien un pays europ\u00e9en qui regarde de tr\u00e8s pr\u00e8s les n\u00e9gociations en cours pour une paix en Ukraine, c\u2019est la Finlande. Depuis la guerre d\u00e9clench\u00e9e par Moscou, il y a presque quatre ans, Helsinki a non seulement rejoint l\u2019Otan, mais aussi ferm\u00e9 sa fronti\u00e8re avec la Russie. 1\u00a0340 kilom\u00e8tres qui rendent le pays vuln\u00e9rable, comme l\u2019ont montr\u00e9 les attaques hybrides avec l\u2019envoi de demandeurs d\u2019asile organis\u00e9 par Moscou.                    <\/p>\n<p>Une vaste cl\u00f4ture est donc en train d\u2019\u00eatre construite. En Laponie, dans le nord du pays, la petite ville frontali\u00e8re de Salla est d\u00e9sormais coup\u00e9e de son voisin. Une garantie de s\u00e9curit\u00e9, mais aussi un changement total d\u2019environnement. Reportage sur place sign\u00e9 Ottilia F\u00e9rey.<\/p>\n<p>\u00a0<\/p>\n<p> <strong>La moiti\u00e9 des jeunes Allemands oppos\u00e9s au service militaire<\/strong> <\/p>\n<p>C\u2019est donc act\u00e9, \u00e0 partir de janvier 2026, les jeunes <strong><a href=\"https:\/\/www.rfi.fr\/fr\/tag\/allemagne\/\" target=\"_self\" rel=\"noopener\">Allemands<\/a>\u00a0<\/strong>vont commencer leur service militaire sur la base du volontariat. Une version plut\u00f4t souple qui signe tout de m\u00eame une petite r\u00e9volution dans un pays o\u00f9 la question \u00e9tait taboue. \u00c0 l\u2019avenir, le pays se r\u00e9serve aussi la possibilit\u00e9 d\u2019\u00e9largir le recrutement si besoin. Si bien que 50% des concern\u00e9s se d\u00e9clarent contre cette r\u00e9forme. Reportage aupr\u00e8s d\u2019une jeunesse Allemande d\u00e9boussol\u00e9e, de <strong>Salom\u00e9 H\u00e9non-Cohin.\u00a0\u00a0<\/strong><\/p>\n<p>\u00a0<\/p>\n<p> <strong>Le service militaire dans les pays baltes\u00a0<\/strong> <\/p>\n<p>Et dans les pays baltes, eux aussi en premi\u00e8re ligne face \u00e0 la menace russe, le service militaire est aussi revenu en t\u00eate des pr\u00e9occupations politiques. On va parler de la situation dans les trois pays : la <strong><a href=\"https:\/\/www.rfi.fr\/fr\/tag\/lituanie\/\" target=\"_self\" rel=\"noopener\">Lituanie<\/a><\/strong>, la <strong><a href=\"https:\/\/www.rfi.fr\/fr\/tag\/lettonie\/\" target=\"_self\" rel=\"noopener\">Lettonie<\/a><\/strong> et l\u2019<strong><a href=\"https:\/\/www.rfi.fr\/fr\/tag\/estonie\/\" target=\"_self\" rel=\"noopener\">Estonie<\/a><\/strong>. Et on commence par la Lettonie qui a pris r\u00e9cemment les mesures les plus fortes.\u00a0<strong>Marielle Vitureau.<\/strong><\/p>\n<p>\u00a0<\/p>\n<p> <strong>La chronique de \u00abLa revue dessin\u00e9e\u00bb<\/strong> <\/p>\n<p>Et on termine cette \u00e9mission en Espagne et dans le sud de la France, avec cette enqu\u00eate passionnante publi\u00e9e dans le dernier num\u00e9ro de <strong><a href=\"https:\/\/www.larevuedessinee.fr\/\" target=\"_blank\" rel=\"noopener\">La revue dessin\u00e9e<\/a>.<\/strong>\u00a0<\/p>\n<p><img decoding=\"async\" fetchpriority=\"low\" src=\"https:\/\/www.europesays.com\/fr\/wp-content\/uploads\/2025\/12\/couverture-revue-dessinee.jpg\"   alt=\"\" style=\"max-height:500px\" loading=\"lazy\" class=\"a-img \"\/><\/p>\n<p>                                \u00a9 La Revue Dessin\u00e9e            <\/p>\n<p>L&rsquo;article a pour titre \u00abExploitation agricole\u00bb, il est sign\u00e9 H\u00e9l\u00e8ne Servel et Lilian Coquillaud. Il y est question de l&rsquo;exploitation de <strong><a href=\"https:\/\/www.rfi.fr\/fr\/tag\/emploi-et-travail\/\" target=\"_self\" rel=\"noopener\">travailleurs<\/a><\/strong> <strong><a href=\"https:\/\/www.rfi.fr\/fr\/tag\/immigration\/\" target=\"_self\" rel=\"noopener\">migrants<\/a><\/strong> en <strong><a href=\"https:\/\/www.rfi.fr\/fr\/tag\/france\/\" target=\"_self\" rel=\"noopener\">France<\/a><\/strong>. Et plus particuli\u00e8rement de travailleurs latino-am\u00e9ricains ou \u00e9trangers r\u00e9sidant en <strong><a href=\"https:\/\/www.rfi.fr\/fr\/tag\/espagne\/\" target=\"_self\" rel=\"noopener\">Espagne<\/a><\/strong> et que des soci\u00e9t\u00e9s d&rsquo;int\u00e9rim peu scrupuleuses convoient \u00e0 travers la fronti\u00e8re pour les faire travailler sur des exploitations <strong><a href=\"https:\/\/www.rfi.fr\/fr\/tag\/agriculture-et-p\u00eache\/\" target=\"_self\" rel=\"noopener\">agricoles<\/a><\/strong> fran\u00e7aises. Et tout ceci sous le couvert de la fameuse directive europ\u00e9enne sur les travailleurs d\u00e9tach\u00e9s, dont on a tellement parl\u00e9 avec le fameux plombier polonais.<\/p>\n<p>Les explications de\u00a0<strong>Baptiste Bouthier,<\/strong>\u00a0r\u00e9dacteur en chef de la revue trimestrielle qui, comme son nom l\u2019indique, publie des enqu\u00eates par le biais de la <strong><a href=\"https:\/\/www.rfi.fr\/fr\/tag\/bande-dessin\u00e9e\/\" target=\"_self\" rel=\"noopener\">bande dessin\u00e9e<\/a><\/strong>.\u00a0\u00a0<\/p>\n","protected":false},"excerpt":{"rendered":"S\u2019il y a bien un pays europ\u00e9en qui regarde de tr\u00e8s pr\u00e8s les n\u00e9gociations en cours pour une&hellip;\n","protected":false},"author":2,"featured_media":590540,"comment_status":"","ping_status":"","sticky":false,"template":"","format":"standard","meta":{"footnotes":""},"categories":[1591],"tags":[2361,11,554,674,1887,219,12,1885,1886,132,220],"class_list":{"0":"post-590539","1":"post","2":"type-post","3":"status-publish","4":"format-standard","5":"has-post-thumbnail","7":"category-russie","8":"tag-accents-deurope","9":"tag-actualites","10":"tag-defense","11":"tag-europe","12":"tag-federation-de-russie","13":"tag-finlande","14":"tag-news","15":"tag-russia","16":"tag-russian-federation","17":"tag-russie","18":"tag-ukraine"},"share_on_mastodon":{"url":"https:\/\/pubeurope.com\/@fr\/115695024787795484","error":""},"_links":{"self":[{"href":"https:\/\/www.europesays.com\/fr\/wp-json\/wp\/v2\/posts\/590539","targetHints":{"allow":["GET"]}}],"collection":[{"href":"https:\/\/www.europesays.com\/fr\/wp-json\/wp\/v2\/posts"}],"about":[{"href":"https:\/\/www.europesays.com\/fr\/wp-json\/wp\/v2\/types\/post"}],"author":[{"embeddable":true,"href":"https:\/\/www.europesays.com\/fr\/wp-json\/wp\/v2\/users\/2"}],"replies":[{"embeddable":true,"href":"https:\/\/www.europesays.com\/fr\/wp-json\/wp\/v2\/comments?post=590539"}],"version-history":[{"count":0,"href":"https:\/\/www.europesays.com\/fr\/wp-json\/wp\/v2\/posts\/590539\/revisions"}],"wp:featuredmedia":[{"embeddable":true,"href":"https:\/\/www.europesays.com\/fr\/wp-json\/wp\/v2\/media\/590540"}],"wp:attachment":[{"href":"https:\/\/www.europesays.com\/fr\/wp-json\/wp\/v2\/media?parent=590539"}],"wp:term":[{"taxonomy":"category","embeddable":true,"href":"https:\/\/www.europesays.com\/fr\/wp-json\/wp\/v2\/categories?post=590539"},{"taxonomy":"post_tag","embeddable":true,"href":"https:\/\/www.europesays.com\/fr\/wp-json\/wp\/v2\/tags?post=590539"}],"curies":[{"name":"wp","href":"https:\/\/api.w.org\/{rel}","templated":true}]}}