{"id":590541,"date":"2025-12-10T11:25:13","date_gmt":"2025-12-10T11:25:13","guid":{"rendered":"https:\/\/www.europesays.com\/fr\/590541\/"},"modified":"2025-12-10T11:25:13","modified_gmt":"2025-12-10T11:25:13","slug":"la-coalition-des-volontaires-en-soutien-a-kyiv-va-tenir-une-nouvelle-reunion-jeudi-liberation","status":"publish","type":"post","link":"https:\/\/www.europesays.com\/fr\/590541\/","title":{"rendered":"la \u00abcoalition des volontaires\u00bb en soutien \u00e0 Kyiv va tenir une nouvelle r\u00e9union jeudi \u2013 Lib\u00e9ration"},"content":{"rendered":"<p class=\"sc-cPiKLX AiZTS text-element\">Trois jours apr\u00e8s une entrevue \u00e0 Londres<a href=\"https:\/\/www.liberation.fr\/international\/europe\/guerre-en-ukraine-face-a-ladministration-trump-les-europeens-serrent-les-rangs-autour-de-volodymyr-zelensky-20251208_WDRRQBTJTBHAREN6LK7KPLGIWQ\/\" target=\"_blank\" rel=\"noreferrer noopener\" title=\"https:\/\/www.liberation.fr\/international\/europe\/guerre-en-ukraine-face-a-ladministration-trump-les-europeens-serrent-les-rangs-autour-de-volodymyr-zelensky-20251208_WDRRQBTJTBHAREN6LK7KPLGIWQ\/\"> pour serrer les rangs autour de Volodymyr Zelensky<\/a>, une nouvelle r\u00e9union de la \u00abcoalition des volontaires\u00bb, qui rassemble des soutiens de Kyiv, aura lieu jeudi apr\u00e8s-midi, a fait savoir le gouvernement fran\u00e7ais ce mercredi 10 d\u00e9cembre. Ce nouveau rendez-vous entre dirigeants, copr\u00e9sid\u00e9 en visio par la France et le Royaume-Uni, \u00abpermettra d\u2019avancer sur les garanties de s\u00e9curit\u00e9 \u00e0 offrir \u00e0 l\u2019Ukraine et la contribution importante des Am\u00e9ricains\u00bb, a expliqu\u00e9 la porte-parole du gouvernement, Maud Bregeon, \u00e0 la sortie du Conseil des ministres autour d\u2019Emmanuel Macron \u00e0 l\u2019Elys\u00e9e.<\/p>\n<p class=\"sc-cPiKLX AiZTS text-element\">Cette annonce intervient quelques heures apr\u00e8s une alerte \u00e9mise par l\u2019institut de recherche allemand Kiel Institute sur l\u2019aide militaire, financi\u00e8re et humanitaire promise et livr\u00e9e \u00e0 l\u2019Ukraine. Ce soutien pourrait atteindre son plus bas niveau en 2025, a pr\u00e9venu l\u2019organisme ce mercredi matin. Les Europ\u00e9ens, qui en fournissent d\u00e9sormais l\u2019essentiel, ne parvenant plus \u00e0 compenser <a href=\"https:\/\/www.liberation.fr\/international\/europe\/guerre-en-ukraine-les-europeens-et-kyiv-pris-de-court-par-le-nouveau-plan-americano-russe-20251120_GPPCW5O3C5E4JO2R3ZJGWP7UYU\/\" target=\"_blank\" rel=\"noreferrer noopener\" title=\"https:\/\/www.liberation.fr\/international\/europe\/guerre-en-ukraine-les-europeens-et-kyiv-pris-de-court-par-le-nouveau-plan-americano-russe-20251120_GPPCW5O3C5E4JO2R3ZJGWP7UYU\/\">l\u2019arr\u00eat de l\u2019aide am\u00e9ricaine<\/a>.<\/p>\n<p class=\"sc-cPiKLX AiZTS text-element\">Avant de se d\u00e9sengager, \u00e0 l\u2019initiative de Donald Trump de retour \u00e0 la Maison Blanche en janvier 2025, les Etats-Unis fournissaient plus de la moiti\u00e9 de l\u2019aide militaire. Si les Europ\u00e9ens sont dans un premier temps parvenus \u00e0 compenser, ils ont ensuite flanch\u00e9 depuis le d\u00e9but de l\u2019\u00e9t\u00e9, selon le Kiel Institute. \u00abSi ce ralentissement se poursuit dans les mois \u00e0 venir, 2025 deviendra l\u2019ann\u00e9e pr\u00e9sentant le moins de nouvelles allocations d\u2019aide pour l\u2019Ukraine\u00bb depuis 2022, a pr\u00e9venu le patron du Kiel Institute.<\/p>\n<p class=\"sc-cPiKLX AiZTS text-element\">Sur les dix premiers mois de 2025, 32,5 milliards d\u2019euros d\u2019aide militaire ont \u00e9t\u00e9 allou\u00e9s \u00e0 l\u2019Ukraine, essentiellement par l\u2019Europe. En seulement deux mois, les alli\u00e9s de l\u2019Ukraine devraient allouer plus de 5 milliards d\u2019euros pour \u00e9galer la plus faible ann\u00e9e (37,6 milliards allou\u00e9s en 2022) et plus de 9 milliards pour s\u2019inscrire dans la moyenne de 41,6 milliards annuels vers\u00e9s entre 2022 et 2024. Or de juillet \u00e0 octobre, seulement 2 milliards d\u2019euros ont \u00e9t\u00e9 allou\u00e9s en moyenne chaque mois.<\/p>\n<p class=\"sc-cPiKLX AiZTS text-element\">Selon les chercheurs du Kiel Institute, la France, l\u2019Allemagne et le Royaume-Uni ont doubl\u00e9 voire tripl\u00e9 leurs contributions respectives, tandis que le soutien de l\u2019Italie a baiss\u00e9 de 15 % et que l\u2019Espagne n\u2019a allou\u00e9 aucune nouvelle aide militaire en 2025.<\/p>\n","protected":false},"excerpt":{"rendered":"Trois jours apr\u00e8s une entrevue \u00e0 Londres pour serrer les rangs autour de Volodymyr Zelensky, une nouvelle r\u00e9union&hellip;\n","protected":false},"author":2,"featured_media":590542,"comment_status":"","ping_status":"","sticky":false,"template":"","format":"standard","meta":{"footnotes":""},"categories":[1590],"tags":[11,1777,674,12,220,297],"class_list":{"0":"post-590541","1":"post","2":"type-post","3":"status-publish","4":"format-standard","5":"has-post-thumbnail","7":"category-ukraine","8":"tag-actualites","9":"tag-eu","10":"tag-europe","11":"tag-news","12":"tag-ukraine","13":"tag-ukraine-la-crise"},"share_on_mastodon":{"url":"","error":""},"_links":{"self":[{"href":"https:\/\/www.europesays.com\/fr\/wp-json\/wp\/v2\/posts\/590541","targetHints":{"allow":["GET"]}}],"collection":[{"href":"https:\/\/www.europesays.com\/fr\/wp-json\/wp\/v2\/posts"}],"about":[{"href":"https:\/\/www.europesays.com\/fr\/wp-json\/wp\/v2\/types\/post"}],"author":[{"embeddable":true,"href":"https:\/\/www.europesays.com\/fr\/wp-json\/wp\/v2\/users\/2"}],"replies":[{"embeddable":true,"href":"https:\/\/www.europesays.com\/fr\/wp-json\/wp\/v2\/comments?post=590541"}],"version-history":[{"count":0,"href":"https:\/\/www.europesays.com\/fr\/wp-json\/wp\/v2\/posts\/590541\/revisions"}],"wp:featuredmedia":[{"embeddable":true,"href":"https:\/\/www.europesays.com\/fr\/wp-json\/wp\/v2\/media\/590542"}],"wp:attachment":[{"href":"https:\/\/www.europesays.com\/fr\/wp-json\/wp\/v2\/media?parent=590541"}],"wp:term":[{"taxonomy":"category","embeddable":true,"href":"https:\/\/www.europesays.com\/fr\/wp-json\/wp\/v2\/categories?post=590541"},{"taxonomy":"post_tag","embeddable":true,"href":"https:\/\/www.europesays.com\/fr\/wp-json\/wp\/v2\/tags?post=590541"}],"curies":[{"name":"wp","href":"https:\/\/api.w.org\/{rel}","templated":true}]}}