{"id":590553,"date":"2025-12-10T11:31:19","date_gmt":"2025-12-10T11:31:19","guid":{"rendered":"https:\/\/www.europesays.com\/fr\/590553\/"},"modified":"2025-12-10T11:31:19","modified_gmt":"2025-12-10T11:31:19","slug":"le-regime-alimentaire-que-decrit-nicolas-sarkozy-ressemble-au-quotidien-de-milliers-de-personnes-incarcerees-liberation","status":"publish","type":"post","link":"https:\/\/www.europesays.com\/fr\/590553\/","title":{"rendered":"\u00abLe r\u00e9gime alimentaire que d\u00e9crit Nicolas Sarkozy ressemble au quotidien de milliers de personnes incarc\u00e9r\u00e9es\u00bb \u2013 Lib\u00e9ration"},"content":{"rendered":"<p class=\"sc-cPiKLX AiZTS text-element\">Dans son livre Journal d\u2019un prisonnier, en librairie ce mercredi 10 d\u00e9cembre, Nicolas Sarkozy dit avoir \u00abeu parfois l\u2019impression d\u2019\u00eatre redevenu un enfant qui n\u2019avait pas fini son assiette\u00bb lors de ses <a href=\"https:\/\/www.liberation.fr\/societe\/police-justice\/nicolas-sarkozy-a-la-sante-le-parquet-general-requiert-la-mise-en-liberte-sous-controle-judiciaire-20251110_ZME7WMPMZBEDNECR4GOY75ZD4Y\/\" target=\"_blank\" rel=\"noopener\" title=\"https:\/\/www.liberation.fr\/societe\/police-justice\/nicolas-sarkozy-a-la-sante-le-parquet-general-requiert-la-mise-en-liberte-sous-controle-judiciaire-20251110_ZME7WMPMZBEDNECR4GOY75ZD4Y\/\">trois semaines \u00e0 la prison<\/a> de la Sant\u00e9, \u00e0 Paris. Il ne se nourrissait \u00abque de laitages, de barres de c\u00e9r\u00e9ales, d\u2019eau min\u00e9rale, de jus de pommes et de quelques douceurs sucr\u00e9es, \u00e9crit-il, ignorant les repas de la prison\u00bb. <a href=\"https:\/\/www.liberation.fr\/societe\/police-justice\/proces-du-financement-libyen-lancien-president-de-la-republique-nicolas-sarkozy-reconnu-coupable-dassociation-de-malfaiteurs-20250925_XBFA2EH57BD2LPZ425EDRZG3OE\/\" target=\"_blank\" rel=\"noopener\" title=\"https:\/\/www.liberation.fr\/societe\/police-justice\/proces-du-financement-libyen-lancien-president-de-la-republique-nicolas-sarkozy-reconnu-coupable-dassociation-de-malfaiteurs-20250925_XBFA2EH57BD2LPZ425EDRZG3OE\/\">Condamn\u00e9 \u00e0 cinq ans de prison<\/a> dans l\u2019affaire libyenne, incarc\u00e9r\u00e9 le 21 octobre puis remis en libert\u00e9 sous contr\u00f4le judiciaire le 10 novembre, l\u2019ancien pr\u00e9sident n\u2019a p<\/p>\n","protected":false},"excerpt":{"rendered":"Dans son livre Journal d\u2019un prisonnier, en librairie ce mercredi 10 d\u00e9cembre, Nicolas Sarkozy dit avoir \u00abeu parfois&hellip;\n","protected":false},"author":2,"featured_media":590554,"comment_status":"","ping_status":"","sticky":false,"template":"","format":"standard","meta":{"footnotes":""},"categories":[2],"tags":[11,1011,27,12,3091,899,25],"class_list":{"0":"post-590553","1":"post","2":"type-post","3":"status-publish","4":"format-standard","5":"has-post-thumbnail","7":"category-actualites","8":"tag-actualites","9":"tag-fr","10":"tag-france","11":"tag-news","12":"tag-nicolas-sarkozy","13":"tag-prisons","14":"tag-republique-francaise"},"share_on_mastodon":{"url":"https:\/\/pubeurope.com\/@fr\/115695051402989252","error":""},"_links":{"self":[{"href":"https:\/\/www.europesays.com\/fr\/wp-json\/wp\/v2\/posts\/590553","targetHints":{"allow":["GET"]}}],"collection":[{"href":"https:\/\/www.europesays.com\/fr\/wp-json\/wp\/v2\/posts"}],"about":[{"href":"https:\/\/www.europesays.com\/fr\/wp-json\/wp\/v2\/types\/post"}],"author":[{"embeddable":true,"href":"https:\/\/www.europesays.com\/fr\/wp-json\/wp\/v2\/users\/2"}],"replies":[{"embeddable":true,"href":"https:\/\/www.europesays.com\/fr\/wp-json\/wp\/v2\/comments?post=590553"}],"version-history":[{"count":0,"href":"https:\/\/www.europesays.com\/fr\/wp-json\/wp\/v2\/posts\/590553\/revisions"}],"wp:featuredmedia":[{"embeddable":true,"href":"https:\/\/www.europesays.com\/fr\/wp-json\/wp\/v2\/media\/590554"}],"wp:attachment":[{"href":"https:\/\/www.europesays.com\/fr\/wp-json\/wp\/v2\/media?parent=590553"}],"wp:term":[{"taxonomy":"category","embeddable":true,"href":"https:\/\/www.europesays.com\/fr\/wp-json\/wp\/v2\/categories?post=590553"},{"taxonomy":"post_tag","embeddable":true,"href":"https:\/\/www.europesays.com\/fr\/wp-json\/wp\/v2\/tags?post=590553"}],"curies":[{"name":"wp","href":"https:\/\/api.w.org\/{rel}","templated":true}]}}