{"id":590556,"date":"2025-12-10T11:33:15","date_gmt":"2025-12-10T11:33:15","guid":{"rendered":"https:\/\/www.europesays.com\/fr\/590556\/"},"modified":"2025-12-10T11:33:15","modified_gmt":"2025-12-10T11:33:15","slug":"reactions-vives-apres-la-declaration-de-barrot-sur-la-participation-disrael-a-leurovision","status":"publish","type":"post","link":"https:\/\/www.europesays.com\/fr\/590556\/","title":{"rendered":"R\u00e9actions vives apr\u00e8s la d\u00e9claration de Barrot sur la participation d\u2019Isra\u00ebl \u00e0 l\u2019Eurovision"},"content":{"rendered":"<p>AA \/ Istanbul \/ Sanaa Amir<\/p>\n<p>La d\u00e9claration de Jean-No\u00ebl Barrot r\u00e9affirmant que la France s\u2019oppose \u00e0 tout boycott d\u2019Isra\u00ebl \u00e0 l\u2019Eurovision provoque de vives r\u00e9actions dans l\u2019ar\u00e8ne politique.<\/p>\n<p>Sur la plateforme sociale am\u00e9ricaine X, le ministre des Affaires \u00e9trang\u00e8res a \u00e9crit : \u00ab Non au boycott d&rsquo;Isra\u00ebl au concours de l&rsquo;Eurovision. Jamais la France ne s\u2019engagera dans la voie du boycott d\u2019un peuple, de ses artistes ou de ses intellectuels. Assumons sans fard les diff\u00e9rends politiques et les d\u00e9saccords gouvernementaux\u2026 mais laissons la po\u00e9sie, le cin\u00e9ma et la musique rapprocher les \u00eatres.\u202f\u00bb Ses propos, visant \u00e0 dissocier culture et politique, n\u2019ont toutefois pas calm\u00e9 la controverse.<\/p>\n<p>Pour Thomas Gu\u00e9nol\u00e9, politologue, cette position est incoh\u00e9rente au regard des pr\u00e9c\u00e9dents. Selon lui, \u00ab\u202fc&rsquo;est la premi\u00e8re fois que l&rsquo;\u00c9tat a d\u00e9clar\u00e9 qu\u2019Isra\u00ebl est coupable de g\u00e9nocide \u00e0 Gaza. Quand la Yougoslavie a \u00e9t\u00e9 reconnue coupable de g\u00e9nocide en Bosnie, elle a \u00e9t\u00e9 exclue de l\u2019Eurovision de 1993 \u00e0 2003. Si Isra\u00ebl n\u2019est pas exclue dans ce cas, alors la France et les autres pays qui se respectent devraient boycotter la comp\u00e9tition.\u202f\u00bb Il souligne \u00e9galement que, \u00ab\u202fcomme la Russie a \u00e9t\u00e9 exclue pour avoir envahi et occup\u00e9 ill\u00e9galement l\u2019Ukraine, Isra\u00ebl devrait l\u2019\u00eatre pour son occupation de la Palestine \u00bb.\u202f\u00bb Sa critique place la France face \u00e0 un dilemme entre principes moraux et diplomatie culturelle.<\/p>\n<p>Mathilde Panot, pr\u00e9sidente du groupe La France insoumise \u00e0 l&rsquo;Assembl\u00e9e nationale, a rejoint cette critique en pointant ce qu\u2019elle consid\u00e8re comme une contradiction politique. Elle a rappel\u00e9 que la Russie avait \u00e9t\u00e9 exclue d\u00e8s le 25 f\u00e9vrier 2022 pour violation du droit international et a salu\u00e9 la d\u00e9cision de l\u2019Espagne, de l\u2019Irlande, de la Slov\u00e9nie et des Pays-Bas de boycotter le concours. Selon elle, \u00ab pourquoi ce qui est valable sur la Russie, sur lequel il y a 19 trains de sanctions pour avoir viol\u00e9 le droit international, ne serait pas valable sur Isra\u00ebl ? \u00bb Elle estime que la position fran\u00e7aise contribue \u00e0 couvrir le pays \u00ab\u202fde honte\u202f\u00bb sur la sc\u00e8ne internationale.<\/p>\n<p>Dans le m\u00eame registre, Manon Aubry, pr\u00e9sidente de la gauche au Parlement europ\u00e9en, a d\u00e9nonc\u00e9 sur X la participation isra\u00e9lienne comme une \u00ab\u202fhonte\u202f\u00bb en raison de la colonisation et des violences \u00e0 Gaza, renfor\u00e7ant le clivage entre diplomatie et valeurs humanitaires.<\/p>\n<p>L\u2019Union europ\u00e9enne de radio-t\u00e9l\u00e9vision (UER) a confirm\u00e9 jeudi qu\u2019Isra\u00ebl serait autoris\u00e9 \u00e0 participer au concours, sans organiser de vote sp\u00e9cifique malgr\u00e9 les demandes de plusieurs diffuseurs. L\u2019Islande poursuit ses discussions sur sa participation, laissant planer l\u2019incertitude sur le futur boycott ou non d\u2019autres pays.<\/p>\n<p>                            &#13;<br \/>\n                                <a href=\"https:\/\/www.aa.com.tr\/fr\/p\/abonnement\/1001\" target=\"_blank\" style=\"font-size:12px; color:#444; text-decoration:none;\" rel=\"noopener\">&#13;<br \/>\n                                    Seulement une partie des d\u00e9p\u00eaches, que l&rsquo;Agence Anadolu diffuse \u00e0 ses abonn\u00e9s via le Syst\u00e8me de Diffusion interne (HAS), est diffus\u00e9e sur le site de l&rsquo;AA, de mani\u00e8re r\u00e9sum\u00e9e. <b style=\"color:#1897F7\">Contactez-nous s&rsquo;il vous pla\u00eet pour vous abonner.<\/b>&#13;<br \/>\n                                <\/a>&#13;<\/p>\n","protected":false},"excerpt":{"rendered":"AA \/ Istanbul \/ Sanaa Amir La d\u00e9claration de Jean-No\u00ebl Barrot r\u00e9affirmant que la France s\u2019oppose \u00e0 tout&hellip;\n","protected":false},"author":2,"featured_media":590557,"comment_status":"","ping_status":"","sticky":false,"template":"","format":"standard","meta":{"footnotes":""},"categories":[4],"tags":[11,1785,2399,1011,27,3819,9279,27012,14552,12,25,70394],"class_list":{"0":"post-590556","1":"post","2":"type-post","3":"status-publish","4":"format-standard","5":"has-post-thumbnail","7":"category-france","8":"tag-actualites","9":"tag-anadolu-ajansi","10":"tag-eurovision","11":"tag-fr","12":"tag-france","13":"tag-isral","14":"tag-jean-nol-barrot","15":"tag-manon-aubry","16":"tag-mathilde-panot","17":"tag-news","18":"tag-republique-francaise","19":"tag-thomas-gunol"},"share_on_mastodon":{"url":"https:\/\/pubeurope.com\/@fr\/115695059161150990","error":""},"_links":{"self":[{"href":"https:\/\/www.europesays.com\/fr\/wp-json\/wp\/v2\/posts\/590556","targetHints":{"allow":["GET"]}}],"collection":[{"href":"https:\/\/www.europesays.com\/fr\/wp-json\/wp\/v2\/posts"}],"about":[{"href":"https:\/\/www.europesays.com\/fr\/wp-json\/wp\/v2\/types\/post"}],"author":[{"embeddable":true,"href":"https:\/\/www.europesays.com\/fr\/wp-json\/wp\/v2\/users\/2"}],"replies":[{"embeddable":true,"href":"https:\/\/www.europesays.com\/fr\/wp-json\/wp\/v2\/comments?post=590556"}],"version-history":[{"count":0,"href":"https:\/\/www.europesays.com\/fr\/wp-json\/wp\/v2\/posts\/590556\/revisions"}],"wp:featuredmedia":[{"embeddable":true,"href":"https:\/\/www.europesays.com\/fr\/wp-json\/wp\/v2\/media\/590557"}],"wp:attachment":[{"href":"https:\/\/www.europesays.com\/fr\/wp-json\/wp\/v2\/media?parent=590556"}],"wp:term":[{"taxonomy":"category","embeddable":true,"href":"https:\/\/www.europesays.com\/fr\/wp-json\/wp\/v2\/categories?post=590556"},{"taxonomy":"post_tag","embeddable":true,"href":"https:\/\/www.europesays.com\/fr\/wp-json\/wp\/v2\/tags?post=590556"}],"curies":[{"name":"wp","href":"https:\/\/api.w.org\/{rel}","templated":true}]}}