{"id":590558,"date":"2025-12-10T11:36:23","date_gmt":"2025-12-10T11:36:23","guid":{"rendered":"https:\/\/www.europesays.com\/fr\/590558\/"},"modified":"2025-12-10T11:36:23","modified_gmt":"2025-12-10T11:36:23","slug":"kalamafoni-sur-le-depart-son-remplacant-deja-connu","status":"publish","type":"post","link":"https:\/\/www.europesays.com\/fr\/590558\/","title":{"rendered":"Kalamafoni sur le d\u00e9part, son rempla\u00e7ant d\u00e9j\u00e0 connu"},"content":{"rendered":"<p>D\u2019apr\u00e8s les informations de Midi Olympique, le RC Vannes laissera partir Sione Kalamafoni (37 ans, 17 s\u00e9lections) \u00e0 la fin de la saison.<\/p>\n<p><img data-recalc-dims=\"1\" fetchpriority=\"high\" decoding=\"async\" width=\"696\" height=\"370\" src=\"https:\/\/www.europesays.com\/fr\/wp-content\/uploads\/2025\/12\/Capture-decran-2025-12-10-a-09.52.56.jpg\" alt=\"\" class=\"wp-image-8133\"  \/>Sione Kalamafoni devrait quitter Vannes en fin de saison \u2013 \u00a9 Capture d\u2019\u00e9cran<\/p>\n<p>Arriv\u00e9 \u00e0 Vannes lors de la saison 2023-2024, Sione Kalamafoni n\u2019a pas attendu avant de s\u2019imposer comme l\u2019un des troisi\u00e8mes-lignes les plus importants de l\u2019effectif breton. Auteur de 54 matchs (39 titularisations) sous les couleurs vannetaises, le v\u00e9t\u00e9ran devrait selon toute vraisemblance quitter le <a href=\"https:\/\/www.rugbyscope.fr\/tag\/rc-vannes\" target=\"_blank\" rel=\"noreferrer noopener\">RCV<\/a> en fin de saison.<\/p>\n<p>Pour le remplacer, Jean-No\u00ebl Spitzer semble appr\u00e9cier le profil du G\u00e9orgien, Ioane Iashagashvili. En fin de contrat avec Mont-de-Marsan \u00e0 l\u2019issue de la saison, le num\u00e9ro 8 pr\u00e9sent dans les Landes depuis 2024 devrait donc, selon <a href=\"https:\/\/www.rugbyrama.fr\/2025\/12\/09\/transferts-pro-d2-exclu-midol-le-troisieme-ligne-montois-ioane-iashagashvili-tout-proche-du-rc-vannes-13100472.php\" target=\"_blank\" rel=\"noreferrer noopener\">Midi Olympique<\/a>, conna\u00eetre une nouvelle \u00e9curie dans sa carri\u00e8re. Il avait, auparavant, port\u00e9 les couleurs de l\u2019Aviron Bayonnais (3 matchs jou\u00e9s en Challenge Cup lors de la saison 2019\/2020) et celles de Valence-Romans (50 matchs entre 2022 et 2024).<\/p>\n<p>Vannes cherche \u00e0 rajeunir son effectif <\/p>\n<p>Dans un entretien qu\u2019il avait accord\u00e9 au <a href=\"https:\/\/www.letelegramme.fr\/sports\/rugby\/rc-vannes\/aller-chercher-3-4-joueurs-de-tres-haut-niveau-des-cette-saison-le-president-du-rc-vannes-veut-etre-ambitieux-sans-flamber-sur-le-marche-des-transferts-6931353.php\" target=\"_blank\" rel=\"noopener\">T\u00e9l\u00e9gramme<\/a>, le pr\u00e9sident du RC Vannes Olivier Cloarec avait affirm\u00e9 vouloir recruter des joueurs de haut-niveau mais aussi des joueurs plus jeunes afin de rajeunir l\u2019effectif. \u00c0 25 ans, Iashagashvili rentre tout \u00e0 fait dans cette strat\u00e9gie. Le troisi\u00e8me ligne a \u00e9galement l\u2019avantage d\u2019avoir le statut JIFF, ce qui est une bonne nouvelle pour les Bretons qui visent la mont\u00e9e en Top 14 la saison prochaine.<\/p>\n","protected":false},"excerpt":{"rendered":"D\u2019apr\u00e8s les informations de Midi Olympique, le RC Vannes laissera partir Sione Kalamafoni (37 ans, 17 s\u00e9lections) \u00e0&hellip;\n","protected":false},"author":2,"featured_media":590559,"comment_status":"","ping_status":"","sticky":false,"template":"","format":"standard","meta":{"footnotes":""},"categories":[1416],"tags":[1011,27,479,1468,60],"class_list":{"0":"post-590558","1":"post","2":"type-post","3":"status-publish","4":"format-standard","5":"has-post-thumbnail","7":"category-rugby","8":"tag-fr","9":"tag-france","10":"tag-rugby","11":"tag-rugby-football","12":"tag-sports"},"share_on_mastodon":{"url":"https:\/\/pubeurope.com\/@fr\/115695072068104580","error":""},"_links":{"self":[{"href":"https:\/\/www.europesays.com\/fr\/wp-json\/wp\/v2\/posts\/590558","targetHints":{"allow":["GET"]}}],"collection":[{"href":"https:\/\/www.europesays.com\/fr\/wp-json\/wp\/v2\/posts"}],"about":[{"href":"https:\/\/www.europesays.com\/fr\/wp-json\/wp\/v2\/types\/post"}],"author":[{"embeddable":true,"href":"https:\/\/www.europesays.com\/fr\/wp-json\/wp\/v2\/users\/2"}],"replies":[{"embeddable":true,"href":"https:\/\/www.europesays.com\/fr\/wp-json\/wp\/v2\/comments?post=590558"}],"version-history":[{"count":0,"href":"https:\/\/www.europesays.com\/fr\/wp-json\/wp\/v2\/posts\/590558\/revisions"}],"wp:featuredmedia":[{"embeddable":true,"href":"https:\/\/www.europesays.com\/fr\/wp-json\/wp\/v2\/media\/590559"}],"wp:attachment":[{"href":"https:\/\/www.europesays.com\/fr\/wp-json\/wp\/v2\/media?parent=590558"}],"wp:term":[{"taxonomy":"category","embeddable":true,"href":"https:\/\/www.europesays.com\/fr\/wp-json\/wp\/v2\/categories?post=590558"},{"taxonomy":"post_tag","embeddable":true,"href":"https:\/\/www.europesays.com\/fr\/wp-json\/wp\/v2\/tags?post=590558"}],"curies":[{"name":"wp","href":"https:\/\/api.w.org\/{rel}","templated":true}]}}