{"id":590560,"date":"2025-12-10T11:37:25","date_gmt":"2025-12-10T11:37:25","guid":{"rendered":"https:\/\/www.europesays.com\/fr\/590560\/"},"modified":"2025-12-10T11:37:25","modified_gmt":"2025-12-10T11:37:25","slug":"comment-latp-a-voulu-preparer-lapres-big-3-avec-le-masters-next-gen-tennistemple","status":"publish","type":"post","link":"https:\/\/www.europesays.com\/fr\/590560\/","title":{"rendered":"comment l\u2019ATP a voulu pr\u00e9parer l\u2019apr\u00e8s Big 3 avec le Masters Next Gen \u2022 TennisTemple"},"content":{"rendered":"\n<p>En 2016, face \u00e0 l\u2019incertitude de l&rsquo;apr\u00e8s Big 3, l\u2019ATP mise sur l\u2019innovation : un tournoi r\u00e9serv\u00e9 aux moins de 21 ans, pens\u00e9 pour propulser les jeunes talents sur le devant de la sc\u00e8ne.<\/p>\n<p>  <img decoding=\"async\" src=\"https:\/\/www.europesays.com\/fr\/wp-content\/uploads\/2025\/12\/1765205486286.webp.webp\" fetchpriority=\"high\" alt=\"\u00ab La rel\u00e8ve arrive \u00bb : comment l\u2019ATP a voulu pr\u00e9parer l\u2019apr\u00e8s Big 3 avec le Masters Next Gen\"\/>  <\/p>\n<p>\u00a9 AFP<\/p>\n<p>   <img decoding=\"async\" src=\"https:\/\/www.europesays.com\/fr\/wp-content\/uploads\/2025\/12\/1759296013760.webp\" alt=\"Jules Hypolite\" class=\"author-photo-main\"\/>   <\/p>\n<p> 2 min de lecture<\/p>\n<p>En 2016, un climat d&rsquo;incertitude r\u00e8gne au sein de l&rsquo;ATP sur la rel\u00e8ve du Big 3.<\/p>\n<p>Chris Kermode, patron de l&rsquo;instance du tennis masculin, d\u00e9cide alors de lancer les Next Gen ATP Finals, un tournoi pens\u00e9 comme un outil indispensable pour pr\u00e9parer la succession de Federer, Nadal, Djokovic ou encore Murray.<\/p>\n<p>La comp\u00e9tition vient enrichir le calendrier \u00e0 partir de la saison 2017.<\/p>\n<p>Le concept n\u2019est pas sans rappeler celui des ATP Finals, qui r\u00e9unissent les huit meilleurs joueurs de la saison. Mais cette fois, ce sont les nouveaux venus et jeunes espoirs, tous \u00e2g\u00e9s de moins de 21 ans, qui auront la chance d\u2019\u00eatre sous le feu des projecteurs.<\/p>\n<p>\u00ab La rel\u00e8ve arrive, nous devons mettre en lumi\u00e8re ces nouveaux talents \u00bb <\/p>\n<p>Huit joueurs, dont une wild card, sont convi\u00e9s \u00e0 Milan, ville h\u00f4te des cinq premi\u00e8res \u00e9ditions de l\u2019\u00e9v\u00e9nement.<\/p>\n<p>\u00ab L\u2019ATP a la responsabilit\u00e9 de promouvoir davantage de joueurs aupr\u00e8s d\u2019un public bien plus large \u00bb, expliquait Chris Kermode, avant de poursuivre : \u00ab Nous avons des superstars qui ont transcend\u00e9 le sport ces dix derni\u00e8res ann\u00e9es et sont devenues de v\u00e9ritables ic\u00f4nes mondiales. Mais la rel\u00e8ve arrive et il faut mettre en lumi\u00e8re ces nouveaux talents. \u00bb<\/p>\n<p>L&rsquo;enqu\u00eate compl\u00e8te disponible ce week-end<\/p>\n<p>Retrouvez l&rsquo;enqu\u00eate <strong>\u00ab Le Master Next Gen, laboratoire du tennis de demain \u00bb<\/strong> sur TennisTemple le samedi 13 d\u00e9cembre.<\/p>\n","protected":false},"excerpt":{"rendered":"En 2016, face \u00e0 l\u2019incertitude de l&rsquo;apr\u00e8s Big 3, l\u2019ATP mise sur l\u2019innovation : un tournoi r\u00e9serv\u00e9 aux&hellip;\n","protected":false},"author":2,"featured_media":590561,"comment_status":"","ping_status":"","sticky":false,"template":"","format":"standard","meta":{"footnotes":""},"categories":[1415],"tags":[1011,27,60,1467],"class_list":{"0":"post-590560","1":"post","2":"type-post","3":"status-publish","4":"format-standard","5":"has-post-thumbnail","7":"category-tennis","8":"tag-fr","9":"tag-france","10":"tag-sports","11":"tag-tennis"},"share_on_mastodon":{"url":"https:\/\/pubeurope.com\/@fr\/115695076421458426","error":""},"_links":{"self":[{"href":"https:\/\/www.europesays.com\/fr\/wp-json\/wp\/v2\/posts\/590560","targetHints":{"allow":["GET"]}}],"collection":[{"href":"https:\/\/www.europesays.com\/fr\/wp-json\/wp\/v2\/posts"}],"about":[{"href":"https:\/\/www.europesays.com\/fr\/wp-json\/wp\/v2\/types\/post"}],"author":[{"embeddable":true,"href":"https:\/\/www.europesays.com\/fr\/wp-json\/wp\/v2\/users\/2"}],"replies":[{"embeddable":true,"href":"https:\/\/www.europesays.com\/fr\/wp-json\/wp\/v2\/comments?post=590560"}],"version-history":[{"count":0,"href":"https:\/\/www.europesays.com\/fr\/wp-json\/wp\/v2\/posts\/590560\/revisions"}],"wp:featuredmedia":[{"embeddable":true,"href":"https:\/\/www.europesays.com\/fr\/wp-json\/wp\/v2\/media\/590561"}],"wp:attachment":[{"href":"https:\/\/www.europesays.com\/fr\/wp-json\/wp\/v2\/media?parent=590560"}],"wp:term":[{"taxonomy":"category","embeddable":true,"href":"https:\/\/www.europesays.com\/fr\/wp-json\/wp\/v2\/categories?post=590560"},{"taxonomy":"post_tag","embeddable":true,"href":"https:\/\/www.europesays.com\/fr\/wp-json\/wp\/v2\/tags?post=590560"}],"curies":[{"name":"wp","href":"https:\/\/api.w.org\/{rel}","templated":true}]}}