{"id":590562,"date":"2025-12-10T11:41:14","date_gmt":"2025-12-10T11:41:14","guid":{"rendered":"https:\/\/www.europesays.com\/fr\/590562\/"},"modified":"2025-12-10T11:41:14","modified_gmt":"2025-12-10T11:41:14","slug":"la-po-ge-cycliste-renonce-au-label-national-actualite","status":"publish","type":"post","link":"https:\/\/www.europesays.com\/fr\/590562\/","title":{"rendered":"L&rsquo;A.PO.GE Cycliste renonce au label National &#8211; Actualit\u00e9"},"content":{"rendered":"<p style=\"text-align: justify;\">Apr\u00e8s \u00eatre pass\u00e9 de la N2 \u00e0 la N3 en 2025, l&rsquo;<strong><a href=\"https:\/\/www.directvelo.com\/equipe\/106\/a-po-ge-cycliste\" target=\"_blank\" rel=\"noopener\">A.PO.GE Cycliste<\/a><\/strong>\u00a0annonce ce mercredi renoncer \u00e0 son statut d&rsquo;\u00e9quipe nationale pour la saison \u00e0 venir. La formation de Charente-Maritime \u00e9voluait en DN depuis seize ans.<\/p>\n<p style=\"text-align: justify;\">\u00ab\u00a0Cette d\u00e9cision incontournable a \u00e9t\u00e9 motiv\u00e9e par la situation financi\u00e8re devenue compliqu\u00e9e depuis\u00a0trois ans\u00a0\u00bb, est-il pr\u00e9cis\u00e9 sur les r\u00e9seaux sociaux de l&rsquo;\u00e9quipe.\u00a0<\/p>\n<p>Comme nombre d&rsquo;autres \u00e9quipes nationales, l&rsquo;A.PO.GE Cycliste annonce se concentrer d\u00e9sormais sur les Juniors avec une \u00e9quipe premi\u00e8re hors DN qui sera compos\u00e9e de coureurs U19 en 2026.\u00a0<\/p>\n","protected":false},"excerpt":{"rendered":"Apr\u00e8s \u00eatre pass\u00e9 de la N2 \u00e0 la N3 en 2025, l&rsquo;A.PO.GE Cycliste\u00a0annonce ce mercredi renoncer \u00e0 son&hellip;\n","protected":false},"author":2,"featured_media":590563,"comment_status":"","ping_status":"","sticky":false,"template":"","format":"standard","meta":{"footnotes":""},"categories":[1411],"tags":[834,828,836,829,837,827,83,826,824,823,1154,207,814,817,815,816,822,821,832,211,839,1011,27,820,818,819,835,831,830,833,838,60,212,208,825],"class_list":{"0":"post-590562","1":"post","2":"type-post","3":"status-publish","4":"format-standard","5":"has-post-thumbnail","7":"category-cyclisme","8":"tag-attaque","9":"tag-belgique","10":"tag-braquet","11":"tag-bretagne","12":"tag-chute","13":"tag-competition","14":"tag-coupe-de-france","15":"tag-coureur","16":"tag-course-cyclisme","17":"tag-course-cycliste","18":"tag-cycling","19":"tag-cyclisme","20":"tag-direct","21":"tag-direct-velo","22":"tag-directvelo","23":"tag-directvelo-com","24":"tag-epreuve","25":"tag-epreuve-cycliste","26":"tag-federation-francaise-de-cyclisme","27":"tag-ffc","28":"tag-flandres","29":"tag-fr","30":"tag-france","31":"tag-live","32":"tag-live-course","33":"tag-live-epreuve","34":"tag-peloton","35":"tag-radio-peloton","36":"tag-radio-tour","37":"tag-ravitaillement","38":"tag-relance","39":"tag-sports","40":"tag-uci","41":"tag-velo","42":"tag-velos"},"share_on_mastodon":{"url":"https:\/\/pubeurope.com\/@fr\/115695090748434322","error":""},"_links":{"self":[{"href":"https:\/\/www.europesays.com\/fr\/wp-json\/wp\/v2\/posts\/590562","targetHints":{"allow":["GET"]}}],"collection":[{"href":"https:\/\/www.europesays.com\/fr\/wp-json\/wp\/v2\/posts"}],"about":[{"href":"https:\/\/www.europesays.com\/fr\/wp-json\/wp\/v2\/types\/post"}],"author":[{"embeddable":true,"href":"https:\/\/www.europesays.com\/fr\/wp-json\/wp\/v2\/users\/2"}],"replies":[{"embeddable":true,"href":"https:\/\/www.europesays.com\/fr\/wp-json\/wp\/v2\/comments?post=590562"}],"version-history":[{"count":0,"href":"https:\/\/www.europesays.com\/fr\/wp-json\/wp\/v2\/posts\/590562\/revisions"}],"wp:featuredmedia":[{"embeddable":true,"href":"https:\/\/www.europesays.com\/fr\/wp-json\/wp\/v2\/media\/590563"}],"wp:attachment":[{"href":"https:\/\/www.europesays.com\/fr\/wp-json\/wp\/v2\/media?parent=590562"}],"wp:term":[{"taxonomy":"category","embeddable":true,"href":"https:\/\/www.europesays.com\/fr\/wp-json\/wp\/v2\/categories?post=590562"},{"taxonomy":"post_tag","embeddable":true,"href":"https:\/\/www.europesays.com\/fr\/wp-json\/wp\/v2\/tags?post=590562"}],"curies":[{"name":"wp","href":"https:\/\/api.w.org\/{rel}","templated":true}]}}