{"id":590566,"date":"2025-12-10T11:43:11","date_gmt":"2025-12-10T11:43:11","guid":{"rendered":"https:\/\/www.europesays.com\/fr\/590566\/"},"modified":"2025-12-10T11:43:11","modified_gmt":"2025-12-10T11:43:11","slug":"ca-sert-a-quoi-que-je","status":"publish","type":"post","link":"https:\/\/www.europesays.com\/fr\/590566\/","title":{"rendered":"\u00ab \u00c7a sert \u00e0 quoi que je\u2026 \u00bb"},"content":{"rendered":"<p>Ce jeudi 11 d\u00e9cembre, les amateurs de douceurs et de petits<br \/>\ng\u00e2teaux ont rendez-vous devant M6. \u00c0 21h10, la finale de la saison<br \/>\n14 du Meilleur p\u00e2tissier sera diffus\u00e9e, <strong>avec Margot, Seb et<br \/>\nVictoria encore en lice.<\/strong> Une soir\u00e9e particuli\u00e8re<br \/>\npuisqu\u2019elle marque aussi <a href=\"https:\/\/www.melty.fr\/people\/mercotte-fait-ses-adieux-a-m6-mais-rejoint-le-meilleur-patissier-en-algerie-2267653.html\" target=\"_blank\" rel=\"noopener\"><br \/>\nla derni\u00e8re apparition de Mercotte au sein du jury.<\/a> Pour<br \/>\nl\u2019occasion, les finalistes devront s\u2019attaquer \u00e0 deux monuments de<br \/>\nla p\u00e2tisserie, entre Saint-Honor\u00e9 revisit\u00e9 et charlotte princi\u00e8re \u00e0<br \/>\nl\u2019ananas. Mais pendant que les fours chauffent, un autre sujet li\u00e9<br \/>\n\u00e0 Cyril Lignac refait surface\u2026 et pas des moindres. Invit\u00e9 il y a<br \/>\nquelques ann\u00e9es sur la cha\u00eene YouTube LEGEND, Djibril Ciss\u00e9 est<br \/>\nrevenu sans d\u00e9tour sur une s\u00e9quence t\u00e9l\u00e9 qui <strong>avait beaucoup<br \/>\nfait parler \u00e0 l\u2019\u00e9poque.<\/strong><\/p>\n<p>Djibril Ciss\u00e9 brise le silence sur son accrochage t\u00e9l\u00e9vis\u00e9 avec<br \/>\nCyril Lignac<\/p>\n<p>Une sc\u00e8ne diffus\u00e9e en 2020 dans l\u2019\u00e9mission Tous en cuisine,<br \/>\nanim\u00e9e par Cyril Lignac et J\u00e9r\u00f4me Anthony, au cours de laquelle<br \/>\nl\u2019ancien footballeur avait <strong>perdu patience en<br \/>\ndirect.<\/strong> Ce jour-l\u00e0, Djibril Ciss\u00e9 participe \u00e0 l\u2019\u00e9mission<br \/>\ncomme invit\u00e9. Le principe est simple : cuisiner en m\u00eame temps que<br \/>\nle chef, dans la bonne humeur. Sauf que tout ne s\u2019est pas pass\u00e9<br \/>\ncomme pr\u00e9vu. Un probl\u00e8me technique, des oreillettes capricieuses et<br \/>\nsurtout\u2026 <strong>un gros manque de communication.<\/strong><\/p>\n<p>\u00ab Je fais son \u00e9mission, mais ce n\u2019est m\u00eame pas \u00e0 lui que je<br \/>\nparle \u00bb, explique Djibril Ciss\u00e9. En r\u00e9alit\u00e9, il \u00e9change avec<br \/>\nun interlocuteur en r\u00e9gie, pas directement avec Cyril Lignac.<br \/>\nProbl\u00e8me : pendant plusieurs minutes, personne ne lui r\u00e9pond. Les<br \/>\nconsignes ne viennent pas et <strong>la tension monte d\u2019un<br \/>\ncran.<\/strong><\/p>\n<p>\u00ab Ne t\u2019\u00e9nerve pas, Djibril ! \u00bb : comment le chef a tent\u00e9 de<br \/>\ncalmer le jeu en direct<\/p>\n<p>Et l\u00e0, Djibril Ciss\u00e9 craque. \u00ab \u00c7a sert \u00e0 quoi que je sois l\u00e0<br \/>\nsi vous ne me parlez pas ? \u00bb, l\u00e2che-t-il, visiblement agac\u00e9. \u00c0<br \/>\nce moment pr\u00e9cis, la production bascule l\u2019antenne sur Cyril Lignac,<br \/>\npris de court. Sur le plateau, Cyril Lignac r\u00e9agit imm\u00e9diatement,<br \/>\navec humour. \u00ab Hou l\u00e0, ne t\u2019\u00e9nerve pas, Djibril ! <strong>C\u2019est<br \/>\n\u00e0 cause de J\u00e9r\u00f4me ! \u00bb<\/strong><strong>,<\/strong><br \/>\nplaisante-t-il pour d\u00e9tendre l\u2019atmosph\u00e8re. Une tentative bon enfant<br \/>\nde calmer le jeu apr\u00e8s <strong>une s\u00e9quence devenue virale sur les<br \/>\nr\u00e9seaux sociaux.<\/strong><\/p>\n<p>Mais c\u00f4t\u00e9 internautes, la r\u00e9action est moins indulgente. De<br \/>\nnombreux commentaires critiquent le comportement de Djibril Ciss\u00e9,<br \/>\n<strong>jug\u00e9 trop nerveux.<\/strong> Une pol\u00e9mique na\u00eet autour de<br \/>\ncette \u00ab embrouille \u00bb suppos\u00e9e avec le chef pr\u00e9f\u00e9r\u00e9 des<br \/>\nFran\u00e7ais.<\/p>\n<p>\u00ab C\u2019\u00e9tait une fausse embrouille \u00bb :<br \/>\nDjibril Ciss\u00e9 remet les pendules \u00e0 l\u2019heure avec Cyril Lignac<\/p>\n<p>Trois ans plus tard, Djibril Ciss\u00e9 tient \u00e0 mettre les choses au<br \/>\nclair. Au micro de LEGEND, il assure qu\u2019il n\u2019y a jamais eu de<br \/>\nv\u00e9ritable conflit entre eux. <strong>\u00ab Je ne vais pas<br \/>\nm\u2019\u00e9nerver<\/strong> pour des p\u00e2tes. Je l\u2019aime bien en plus, Cyril<br \/>\n\u00bb, confie-t-il, sourire en coin. Il rappelle surtout que la<br \/>\ncol\u00e8re ne s\u2019adressait pas au chef, mais \u00e0 la r\u00e9gie. \u00ab Je parle<br \/>\nau mec, pas \u00e0 Cyril. Quand je dis \u00e7a, <strong>ils switchent sur<br \/>\nCyril \u00bb<\/strong><strong>,<\/strong> explique-t-il. Un simple<br \/>\nquiproquo, amplifi\u00e9 par le direct et la t\u00e9l\u00e9vision.<\/p>\n<p>Pour appuyer ses propos, Djibril Ciss\u00e9 pr\u00e9cise m\u00eame qu\u2019ils se<br \/>\nsont recrois\u00e9s depuis, notamment sur Le Meilleur p\u00e2tissier, sans<br \/>\naucune tension. \u00ab C\u2019\u00e9tait une fausse embrouille. <strong>Il n\u2019y<br \/>\na rien entre nous \u00bb,<\/strong> conclut-il. Il faut dire que le<br \/>\nsportif ne dit jamais les choses \u00e0 moiti\u00e9. R\u00e9cemment, il a repris<br \/>\nla parole sur l\u2019affaire de la sextape <a href=\"https:\/\/www.melty.fr\/people\/mathieu-valbuena-brutalement-honnete-sur-karim-benzema-sur-laffaire-de-la-sextape-si-je-le-recroise-2268279.html\" target=\"_blank\" rel=\"noopener\"><br \/>\nen interpellant Mathieu Vialbuena sur X.<\/a> Toutefois, Djibril<br \/>\nCiss\u00e9 n\u2019aime pas rester en mauvais termes. Cette mise au point<br \/>\nconcernant Cyril Lignac <strong>lui tenait visiblement \u00e0<br \/>\nc\u0153ur.<\/strong> Quoi qu\u2019il en soit, cette histoire appartient<br \/>\nclairement au pass\u00e9. Tout est bien qui finit bien !<\/p>\n","protected":false},"excerpt":{"rendered":"Ce jeudi 11 d\u00e9cembre, les amateurs de douceurs et de petits g\u00e2teaux ont rendez-vous devant M6. \u00c0 21h10,&hellip;\n","protected":false},"author":2,"featured_media":590567,"comment_status":"","ping_status":"","sticky":false,"template":"","format":"standard","meta":{"footnotes":""},"categories":[1359],"tags":[46556,58,59,1011,27,973,65861],"class_list":{"0":"post-590566","1":"post","2":"type-post","3":"status-publish","4":"format-standard","5":"has-post-thumbnail","7":"category-people","8":"tag-cyril-lignac","9":"tag-divertissement","10":"tag-entertainment","11":"tag-fr","12":"tag-france","13":"tag-people","14":"tag-trend"},"share_on_mastodon":{"url":"https:\/\/pubeurope.com\/@fr\/115695098692363776","error":""},"_links":{"self":[{"href":"https:\/\/www.europesays.com\/fr\/wp-json\/wp\/v2\/posts\/590566","targetHints":{"allow":["GET"]}}],"collection":[{"href":"https:\/\/www.europesays.com\/fr\/wp-json\/wp\/v2\/posts"}],"about":[{"href":"https:\/\/www.europesays.com\/fr\/wp-json\/wp\/v2\/types\/post"}],"author":[{"embeddable":true,"href":"https:\/\/www.europesays.com\/fr\/wp-json\/wp\/v2\/users\/2"}],"replies":[{"embeddable":true,"href":"https:\/\/www.europesays.com\/fr\/wp-json\/wp\/v2\/comments?post=590566"}],"version-history":[{"count":0,"href":"https:\/\/www.europesays.com\/fr\/wp-json\/wp\/v2\/posts\/590566\/revisions"}],"wp:featuredmedia":[{"embeddable":true,"href":"https:\/\/www.europesays.com\/fr\/wp-json\/wp\/v2\/media\/590567"}],"wp:attachment":[{"href":"https:\/\/www.europesays.com\/fr\/wp-json\/wp\/v2\/media?parent=590566"}],"wp:term":[{"taxonomy":"category","embeddable":true,"href":"https:\/\/www.europesays.com\/fr\/wp-json\/wp\/v2\/categories?post=590566"},{"taxonomy":"post_tag","embeddable":true,"href":"https:\/\/www.europesays.com\/fr\/wp-json\/wp\/v2\/tags?post=590566"}],"curies":[{"name":"wp","href":"https:\/\/api.w.org\/{rel}","templated":true}]}}