{"id":590568,"date":"2025-12-10T11:44:14","date_gmt":"2025-12-10T11:44:14","guid":{"rendered":"https:\/\/www.europesays.com\/fr\/590568\/"},"modified":"2025-12-10T11:44:14","modified_gmt":"2025-12-10T11:44:14","slug":"le-senat-auditionne-deux-responsables-de-lenquete-administrative-sur-la-securite-du-musee-apres-le-vol-de-joyaux-de-la-couronne","status":"publish","type":"post","link":"https:\/\/www.europesays.com\/fr\/590568\/","title":{"rendered":"le S\u00e9nat auditionne deux\u00a0responsables de l\u2019enqu\u00eate administrative sur la s\u00e9curit\u00e9 du\u00a0mus\u00e9e apr\u00e8s le vol de joyaux de\u00a0la\u00a0Couronne"},"content":{"rendered":"<p>                      <img loading=\"lazy\" decoding=\"async\" src=\"https:\/\/www.europesays.com\/fr\/wp-content\/uploads\/2025\/12\/20e3ef7_ftp-1-cep189rgloba-2025-12-08t145718z-2122234675-rc2rjhaco5it-rtrmadp-3-france-louvre-strike.jpeg\" alt=\"Au Mus\u00e9e du Louvre, le 26\u00a0octobre\u00a02025.\"   width=\"664\" height=\"443\"\/>    Au Mus\u00e9e du Louvre, le 26\u00a0octobre\u00a02025.  ABDUL SABOOR \/ REUTERS                          <\/p>\n<p class=\"article__paragraph  \">Des s\u00e9nateurs entendent, mercredi 10\u00a0d\u00e9cembre, les deux\u00a0responsables de l\u2019enqu\u00eate administrative sur la s\u00e9curit\u00e9 au Louvre, lanc\u00e9e apr\u00e8s le cambriolage du 19\u00a0octobre. Pr\u00e9vues \u00e0 partir de 10\u00a0h\u00a030, ces auditions se tiennent dans un contexte toujours sombre pour le Louvre, fragilis\u00e9 par le vol de joyaux de la Couronne, contraint de fermer une galerie en raison d\u2019avaries et confront\u00e9 \u00e0 un appel \u00e0 la gr\u00e8ve de ses agents \u00e0 partir de lundi.<\/p>\n<p class=\"article__paragraph  \">Au lendemain du casse, la ministre de la culture avait diligent\u00e9 une enqu\u00eate administrative pour faire la lumi\u00e8re sur les failles s\u00e9curitaires du mus\u00e9e le plus visit\u00e9 au monde. Ce rapport confidentiel n\u2019a pas vocation \u00e0 \u00eatre rendu public mais la commission de la culture du S\u00e9nat entend mercredi les responsables des deux institutions qui l\u2019ont r\u00e9alis\u00e9\u00a0: No\u00ebl Corbin, directeur de l\u2019inspection g\u00e9n\u00e9rale des affaires culturelles (IGAC), et Pascal Mignerey, de la mission s\u00e9curit\u00e9, s\u00fbret\u00e9 et d\u2019audit (Missa) au minist\u00e8re de la culture.<\/p>\n<p class=\"article__paragraph  \">\u00ab\u00a0A la lecture de l\u2019enqu\u00eate administrative, j\u2019ai consid\u00e9r\u00e9 qu\u2019il n\u2019\u00e9tait pas possible de ne rien faire\u00a0\u00bb, a expliqu\u00e9 \u00e0 l\u2019Agence France-Presse (AFP) le s\u00e9nateur \u00e0 l\u2019origine de ces auditions, le pr\u00e9sident de la commission Laurent Lafon, qui dit avoir pris connaissance du document la semaine derni\u00e8re. \u00ab\u00a0Ce qui est certain, c\u2019est que les failles \u00e9taient connues depuis 2017 et qu\u2019il ne s\u2019est pas pass\u00e9 grand-chose depuis\u00a0\u00bb, a ajout\u00e9 le s\u00e9nateur centriste.<\/p>\n<p>                                       Lire aussi |  Article r\u00e9serv\u00e9 \u00e0 nos abonn\u00e9s  <a href=\"https:\/\/www.lemonde.fr\/societe\/article\/2025\/11\/01\/cambriolage-du-louvre-un-homme-et-une-femme-mis-en-examen-mais-toujours-pas-de-trace-des-bijoux_6650855_3224.html\" class=\"js-article-read-also catcher--favoris__link\" data-premium=\"1\" id=\"article-title-3444599\" target=\"_blank\" rel=\"noopener\">Cambriolage du Louvre\u00a0: un homme et une femme mis en examen, mais toujours pas de trace des bijoux<\/a>    <\/p>\n<p>   Lire plus tard  <\/p>\n<p>                          Des mesures d\u2019urgence                    <\/p>\n<p class=\"article__paragraph  \">Sans attendre le document d\u00e9finitif, la ministre de la culture avait r\u00e9v\u00e9l\u00e9 \u00e0 la fin d\u2019octobre les premi\u00e8res conclusions de cette enqu\u00eate administrative qui relevait, selon elle, \u00ab\u00a0une sous-estimation chronique\u00a0\u00bb des risques depuis \u00ab\u00a0plus de vingt\u00a0ans\u00a0\u00bb au Louvre et \u00ab\u00a0un sous-\u00e9quipement\u00a0\u00bb en mati\u00e8re de s\u00fbret\u00e9.<\/p>\n<p class=\"article__paragraph  \">Rachida Dati avait alors annonc\u00e9 <a href=\"https:\/\/www.lemonde.fr\/culture\/article\/2025\/11\/07\/le-louvre-presente-des-mesures-d-urgence-en-matiere-de-securite-sans-annoncer-de-recrutements_6652650_3246.html\" target=\"_blank\" rel=\"noopener\">plusieurs \u00ab\u00a0mesures d\u2019urgence\u00a0\u00bb<\/a>, dont l\u2019installation de dispositifs \u00ab\u00a0anti-intrusion\u00a0\u00bb sur le b\u00e2timent et aux alentours. Lors d\u2019un conseil d\u2019administration d\u2019urgence, le Louvre a approuv\u00e9 ces mesures qui ont, faute de nouveaux recrutements, laiss\u00e9 les syndicats sur leur faim.<\/p>\n<p class=\"article__paragraph  \">La semaine prochaine, la s\u00e9curit\u00e9 du mus\u00e9e parisien continuera d\u2019occuper cette m\u00eame commission du S\u00e9nat. Mardi, elle interrogera pour la premi\u00e8re fois l\u2019ancien pr\u00e9sident du Louvre, Jean-Luc Martinez, dont la parole est tr\u00e8s attendue apr\u00e8s la mise au jour d\u2019audits s\u00e9curitaires alarmants r\u00e9alis\u00e9s sous son mandat (2013-2021). Mercredi, sa successeure, Laurence des Cars, sera \u00e0 nouveau entendue par les s\u00e9nateurs.<\/p>\n<p class=\"article__paragraph  \">\u00ab\u00a0Il y a manifestement eu un probl\u00e8me de transmission des informations au moment de la transition entre l\u2019ancien pr\u00e9sident du Louvre et son actuelle dirigeante\u00a0\u00bb, estime M.\u00a0Lafon.<\/p>\n<p>                                       Lire aussi |  Article r\u00e9serv\u00e9 \u00e0 nos abonn\u00e9s  <a href=\"https:\/\/www.lemonde.fr\/culture\/article\/2025\/11\/06\/la-cour-des-comptes-epingle-la-gestion-du-louvre-et-ses-choix-de-preferer-les-acquisitions-a-la-securite_6652428_3246.html\" class=\"js-article-read-also catcher--favoris__link\" data-premium=\"1\" id=\"article-title-3445008\" target=\"_blank\" rel=\"noopener\">La Cour des comptes \u00e9pingle la gestion du Louvre et son choix de privil\u00e9gier les acquisitions d\u2019\u0153uvres \u00e0 leur s\u00e9curit\u00e9<\/a>    <\/p>\n<p>   Lire plus tard  <\/p>\n<p class=\"author__detail\">  Le Monde avec AFP  <\/p>\n<p>                <a href=\"https:\/\/www.lemonde.fr\/syndication\/\" class=\"reuse__content\" title=\"R\u00e9utiliser ce contenu\" target=\"_blank\" rel=\"noopener\">R\u00e9utiliser ce contenu<\/a>      <\/p>\n","protected":false},"excerpt":{"rendered":"Au Mus\u00e9e du Louvre, le 26\u00a0octobre\u00a02025. ABDUL SABOOR \/ REUTERS Des s\u00e9nateurs entendent, mercredi 10\u00a0d\u00e9cembre, les deux\u00a0responsables de&hellip;\n","protected":false},"author":2,"featured_media":590569,"comment_status":"","ping_status":"","sticky":false,"template":"","format":"standard","meta":{"footnotes":""},"categories":[1358],"tags":[1348,1384,1385,1386,58,59,1011,27],"class_list":{"0":"post-590568","1":"post","2":"type-post","3":"status-publish","4":"format-standard","5":"has-post-thumbnail","7":"category-arts-et-design","8":"tag-arts","9":"tag-arts-and-design","10":"tag-arts-et-design","11":"tag-design","12":"tag-divertissement","13":"tag-entertainment","14":"tag-fr","15":"tag-france"},"share_on_mastodon":{"url":"https:\/\/pubeurope.com\/@fr\/115695103892473354","error":""},"_links":{"self":[{"href":"https:\/\/www.europesays.com\/fr\/wp-json\/wp\/v2\/posts\/590568","targetHints":{"allow":["GET"]}}],"collection":[{"href":"https:\/\/www.europesays.com\/fr\/wp-json\/wp\/v2\/posts"}],"about":[{"href":"https:\/\/www.europesays.com\/fr\/wp-json\/wp\/v2\/types\/post"}],"author":[{"embeddable":true,"href":"https:\/\/www.europesays.com\/fr\/wp-json\/wp\/v2\/users\/2"}],"replies":[{"embeddable":true,"href":"https:\/\/www.europesays.com\/fr\/wp-json\/wp\/v2\/comments?post=590568"}],"version-history":[{"count":0,"href":"https:\/\/www.europesays.com\/fr\/wp-json\/wp\/v2\/posts\/590568\/revisions"}],"wp:featuredmedia":[{"embeddable":true,"href":"https:\/\/www.europesays.com\/fr\/wp-json\/wp\/v2\/media\/590569"}],"wp:attachment":[{"href":"https:\/\/www.europesays.com\/fr\/wp-json\/wp\/v2\/media?parent=590568"}],"wp:term":[{"taxonomy":"category","embeddable":true,"href":"https:\/\/www.europesays.com\/fr\/wp-json\/wp\/v2\/categories?post=590568"},{"taxonomy":"post_tag","embeddable":true,"href":"https:\/\/www.europesays.com\/fr\/wp-json\/wp\/v2\/tags?post=590568"}],"curies":[{"name":"wp","href":"https:\/\/api.w.org\/{rel}","templated":true}]}}