{"id":590572,"date":"2025-12-10T11:47:13","date_gmt":"2025-12-10T11:47:13","guid":{"rendered":"https:\/\/www.europesays.com\/fr\/590572\/"},"modified":"2025-12-10T11:47:13","modified_gmt":"2025-12-10T11:47:13","slug":"people-pierre-garnier-met-sa-carriere-en-pause-voici-les-raisons","status":"publish","type":"post","link":"https:\/\/www.europesays.com\/fr\/590572\/","title":{"rendered":"People. Pierre Garnier met sa carri\u00e8re en pause : voici les raisons"},"content":{"rendered":"<p melodystyle=\"texte\">Fatigu\u00e9, apr\u00e8s une longue tourn\u00e9e et une pr\u00e9sence quasi permanente depuis sa victoire \u00e0 la Star Academy de 2023, Pierre Garnier a d\u00e9cid\u00e9 de dire stop, au moins pour quelques mois. Le chanteur originaire de Villedieu-les-Po\u00eales a donc dit au revoir \u00e0 ses fans mardi 9 d\u00e9cembre, apr\u00e8s <a href=\"https:\/\/www.lamanchelibre.fr\/actualite-1202926-people-le-concert-du-normand-pierre-garnier-diffuse-a-la-television\" target=\"_blank\" rel=\"noopener\">son concert \u00e0 l&rsquo;Accor Arena (Paris)<\/a>.\u00a0<\/p>\n<p>Des voyages, et un deuxi\u00e8me album \u00e0 pr\u00e9parer<\/p>\n<p melodystyle=\"texte\">Pierre Garnier va s&rsquo;\u00e9loigner de la sc\u00e8ne le temps de quelques mois. Emu aux larmes sur la sc\u00e8ne parisienne, le Normand a beaucoup tir\u00e9 sur son physique, encha\u00eenant les concerts et les sc\u00e8nes partag\u00e9es ces derniers mois. A Paris, il a notamment vu <a href=\"https:\/\/www.lamanchelibre.fr\/actualite-1194345-caen-orelsan-donnera-un-concert-au-festival-beauregard-des-centaines-de-personnes-achetent-leur-place\" target=\"_blank\" rel=\"noopener\">Orelsan<\/a>, <a href=\"https:\/\/www.lamanchelibre.fr\/actualite-1134685-musique-ecoutez-la-nouvelle-chanson-de-pierre-garnier-et-matt-pokora\" target=\"_blank\" rel=\"noopener\">Matt Pokora<\/a> ou encore Oli, du duo BigFlo et Oli, le rejoindre pour chanter avec lui. <a href=\"https:\/\/www.lamanchelibre.fr\/actualite-1198639-avranches-papillons-de-nuit-2026-helena-et-m-pokora-parmi-les-premiers-artistes-annonces\" target=\"_blank\" rel=\"noopener\">Helena<\/a>, en concert dans le m\u00eame temps au Forest National (Belgique), n&rsquo;\u00e9tait donc pas pr\u00e9sente. \u00ab\u00a0Je vous aime juste. On va se quitter un moment apr\u00e8s ces quatre futures dates et j&rsquo;esp\u00e8re que je reviendrai vous voir et que je serai en pleine forme, et que vous r\u00e9pondrez encore pr\u00e9sent, et que je chanterai mes nouvelles chansons. Franchement je suis triste de vous quitter m\u00eame si \u00e7a va me faire un peu de bien, du repos\u00a0\u00bb, a d\u00e9clar\u00e9 Pierre Garnier \u00e0 la fin de son concert en solo dans une salle qu&rsquo;il avait d\u00e9j\u00e0 rempli avec ses camarades de la promotion 2023.<\/p>\n<p melodystyle=\"texte\">Un deuxi\u00e8me album est donc bien dans toutes les t\u00eates. Avec, donc, sans doute, de nouvelles dates de concerts et des festivals \u00e0 pr\u00e9voir.<\/p>\n","protected":false},"excerpt":{"rendered":"Fatigu\u00e9, apr\u00e8s une longue tourn\u00e9e et une pr\u00e9sence quasi permanente depuis sa victoire \u00e0 la Star Academy de&hellip;\n","protected":false},"author":2,"featured_media":590573,"comment_status":"","ping_status":"","sticky":false,"template":"","format":"standard","meta":{"footnotes":""},"categories":[1355],"tags":[58,59,1011,27,1361,873],"class_list":{"0":"post-590572","1":"post","2":"type-post","3":"status-publish","4":"format-standard","5":"has-post-thumbnail","7":"category-musique","8":"tag-divertissement","9":"tag-entertainment","10":"tag-fr","11":"tag-france","12":"tag-music","13":"tag-musique"},"share_on_mastodon":{"url":"https:\/\/pubeurope.com\/@fr\/115695114317420518","error":""},"_links":{"self":[{"href":"https:\/\/www.europesays.com\/fr\/wp-json\/wp\/v2\/posts\/590572","targetHints":{"allow":["GET"]}}],"collection":[{"href":"https:\/\/www.europesays.com\/fr\/wp-json\/wp\/v2\/posts"}],"about":[{"href":"https:\/\/www.europesays.com\/fr\/wp-json\/wp\/v2\/types\/post"}],"author":[{"embeddable":true,"href":"https:\/\/www.europesays.com\/fr\/wp-json\/wp\/v2\/users\/2"}],"replies":[{"embeddable":true,"href":"https:\/\/www.europesays.com\/fr\/wp-json\/wp\/v2\/comments?post=590572"}],"version-history":[{"count":0,"href":"https:\/\/www.europesays.com\/fr\/wp-json\/wp\/v2\/posts\/590572\/revisions"}],"wp:featuredmedia":[{"embeddable":true,"href":"https:\/\/www.europesays.com\/fr\/wp-json\/wp\/v2\/media\/590573"}],"wp:attachment":[{"href":"https:\/\/www.europesays.com\/fr\/wp-json\/wp\/v2\/media?parent=590572"}],"wp:term":[{"taxonomy":"category","embeddable":true,"href":"https:\/\/www.europesays.com\/fr\/wp-json\/wp\/v2\/categories?post=590572"},{"taxonomy":"post_tag","embeddable":true,"href":"https:\/\/www.europesays.com\/fr\/wp-json\/wp\/v2\/tags?post=590572"}],"curies":[{"name":"wp","href":"https:\/\/api.w.org\/{rel}","templated":true}]}}