{"id":590578,"date":"2025-12-10T11:51:11","date_gmt":"2025-12-10T11:51:11","guid":{"rendered":"https:\/\/www.europesays.com\/fr\/590578\/"},"modified":"2025-12-10T11:51:11","modified_gmt":"2025-12-10T11:51:11","slug":"pourquoi-zinedine-zidane-sapprete-a-investir-a-tours","status":"publish","type":"post","link":"https:\/\/www.europesays.com\/fr\/590578\/","title":{"rendered":"Pourquoi Zin\u00e9dine Zidane s\u2019appr\u00eate \u00e0 investir \u00e0 Tours"},"content":{"rendered":"<p>\n    La l\u00e9gende du football fran\u00e7ais, proche de la famille Riboud, sera bient\u00f4t l\u2019un des actionnaires du nouveau club de l\u2019Union Foot de Touraine.<\/p>\n<p class=\"fig-paragraph\">Dans les kiosques de Tours mercredi, impossible de passer \u00e0 c\u00f4t\u00e9 de lui. Sa photo imprime la r\u00e9tine. Son sourire est connu de tous. \u00c0 la Une de La Nouvelle R\u00e9publique, le quotidien r\u00e9gional, le titre est sans \u00e9quivoque\u00a0: \u00ab\u00a0<a href=\"http:\/\/www.lefigaro.fr\/sports\/football\/foot-zinedine-zidane-devient-actionnaire-d-un-club-de-national-3-20251209\" data-fig-type=\"NewsFlash\" data-gtm-custom-categorie=\"navigation\" data-gtm-custom-action=\"crossclick\" data-gtm-custom-label=\"Contextuel\" data-gtm-event=\"customEventSPE\" data-fig-domain=\"LEFIGARO\" target=\"_blank\" rel=\"noopener\">Zidane<\/a> \u00a0discute pour investir \u00e0 Tours\u00a0\u00bb. De quoi parle-t-on\u00a0? La l\u00e9gende du football fran\u00e7ais, qui est annonc\u00e9e dans le costume de s\u00e9lectionneur des Bleus \u00e0 l\u2019issue de la Coupe du monde (11 juin-19 juillet) pour prendre la succession de Didier Deschamps, ne s\u2019appr\u00eate pas \u00e0 investir dans un vignoble ou pour reprendre la gestion d\u2019un des nombreux ch\u00e2teaux de la Loire.<\/p>\n<p class=\"fig-paragraph\">\u00ab ZZ\u00a0\u00bb est sur le point de devenir actionnaire de l\u2019Union Foot de Touraine, club de National 3 (5e division), cr\u00e9\u00e9\u00a0<a href=\"http:\/\/www.lefigaro.fr\/sports\/football\/foot-le-tours-fc-place-en-liquidation-judiciaire-par-la-cour-d-appel-d-orleans-20250130\" data-fig-type=\"NewsFlash\" data-gtm-custom-categorie=\"navigation\" data-gtm-custom-action=\"crossclick\" data-gtm-custom-label=\"Contextuel\" data-gtm-event=\"customEventSPE\" data-fig-domain=\"LEFIGARO\" target=\"_blank\" rel=\"noopener\">sur les cendres du Tours FC<\/a>\u00a0et fruit de l\u2019alliance entre le Football Club de l\u2019Ouest Tourangeau et les clubs de Tours et Jou\u00e9-l\u00e8s-Tours. L\u2019information, r\u00e9v\u00e9l\u00e9e par nos confr\u00e8res de L\u2019\u00c9quipe, que nous sommes en mesure de confirmer, a mis la Touraine en \u00e9moi ces derni\u00e8res heures.<\/p>\n<blockquote class=\"fig-quote&#10;    \">\n<p class=\"fig-quote__text\">\u00ab Des discussions existent pour l\u2019avenir, mais rien n\u2019est finalis\u00e9 \u00e0 ce stade\u00a0\u00bb<\/p>\n<p>            Basile Riboud, pr\u00e9sident de l\u2019UFT\n    <\/p><\/blockquote>\n<p>                                            <a class=\"fig-a11y-skip\" href=\"#fig-a11y-skip-main-inarticle\" data-module=\"a11y-skip\" data-context=\"was @visible\"><br \/>\n    Passer la publicit\u00e9<br \/>\n<\/a>            <\/p>\n<p class=\"fig-paragraph\">Pourquoi le champion du monde 1998 s\u2019int\u00e9resse-t-il \u00e0 ce club, mont\u00e9 de toutes pi\u00e8ces par Basile Riboud, pr\u00e9sident et fils de Franck Riboud\u00a0? La r\u00e9ponse est dans la question. Proche de l\u2019ancien PDG de Danone, l\u2019ex-entra\u00eeneur du Real Madrid a accept\u00e9 de participer \u00e0 la nouvelle aventure \u00e0 hauteur d\u2019un ch\u00e8que de 10.000 euros. Rien n\u2019est officiel aujourd\u2019hui, mais les \u00e9changes sont bien entam\u00e9s. \u00ab Je vous confirme que des discussions existent pour l\u2019avenir, mais rien n\u2019est finalis\u00e9 \u00e0 ce stade, pr\u00e9cise Basile Riboud au Figaro. Nous travaillons malgr\u00e9 tout sur la suite du projet et avons sollicit\u00e9 plusieurs amis susceptibles de nous accompagner dans le d\u00e9veloppement du club.\u00a0\u00bb<\/p>\n<p class=\"fig-paragraph\"><strong>\u00c0 VOIR AUSSI \u2013<\/strong> Les 11 titres de Zin\u00e9dine Zidane \u00e0 la t\u00eate du Real Madrid<\/p>\n<p>                                            Le club tourangeau ambitionne de retrouver le monde professionnel<\/p>\n<p class=\"fig-body-link\">\n            \u00c0 lire aussi<br \/>\n        <a class=\"fig-body-link__link\" href=\"http:\/\/www.lefigaro.fr\/sports\/football\/football-zinedine-zidane-enflamme-marseille-20251208\" data-fig-type=\"NewsFlash\" data-gtm-custom-categorie=\"navigation\" data-gtm-custom-action=\"crossclick\" data-gtm-custom-label=\"Contextuel\" data-gtm-event=\"customEventSPE\" data-fig-domain=\"LEFIGARO\" target=\"_blank\" rel=\"noopener\"><\/p>\n<p>        Football\u00a0: Zin\u00e9dine Zidane enflamme Marseille<br \/>\n    <\/a>\n<\/p>\n<p class=\"fig-paragraph\">Les noms de S\u00e9bastien Bazin, pr\u00e9sident-directeur du groupe h\u00f4telier Accor ou encore Fr\u00e9d\u00e9ric Giscard d\u2019Estaing, petit-fils de l\u2019ancien pr\u00e9sident de la R\u00e9publique, sont murmur\u00e9s \u00e9galement. Cette envie de s\u2019entourer de personnalit\u00e9s rappelle celle de son p\u00e8re Franck Riboud \u00e0 Evian-Thonon-Gaillard qui \u00e9tait pass\u00e9 des divisions amateurs \u00e0 la Ligue 1 entre 2011 et 2015. L\u2019ic\u00f4ne du football fran\u00e7ais avait particip\u00e9 financi\u00e8rement, comme les champions du monde Bixente Lizarazu, Alain Boghossian ou Michel Denisot. Zidane avait aussi apport\u00e9 son apport financier dans le club de Rodez en 2012, r\u00e9gion dont sa femme est originaire.<\/p>\n<p>    Zin\u00e9dine Zidane et Franck Riboud<br \/>\n                Olivier Andrivon \/ IconSport<\/p>\n<p class=\"fig-paragraph\">Dans ce tour de table tourangeau, lanc\u00e9 en vue de cr\u00e9er une soci\u00e9t\u00e9 anonyme sportive professionnelle (SASP) car aujourd\u2019hui l\u2019UFT est encore constitu\u00e9e comme une association, le nom de Zidane est forc\u00e9ment celui qui attire le plus l\u2019attention. \u00ab L\u2019UFT est engag\u00e9e depuis 6 mois dans un projet ambitieux pour le territoire, et nous avan\u00e7ons sur de nombreux sujets, sur et en dehors du terrain, explique le nouveau patron du club tourangeau, actuellement deuxi\u00e8me de son championnat et d\u00e9sireux de retrouver le monde professionnel dans les ann\u00e9es \u00e0 venir. Nous comptons donc sur de nombreux acteurs locaux et soutiens.\u00a0\u00bb Difficile de faire mieux comme coup de projecteur.<\/p>\n","protected":false},"excerpt":{"rendered":"La l\u00e9gende du football fran\u00e7ais, proche de la famille Riboud, sera bient\u00f4t l\u2019un des actionnaires du nouveau club&hellip;\n","protected":false},"author":2,"featured_media":590579,"comment_status":"","ping_status":"","sticky":false,"template":"","format":"standard","meta":{"footnotes":""},"categories":[9],"tags":[63,1011,27,60,1390,24863],"class_list":{"0":"post-590578","1":"post","2":"type-post","3":"status-publish","4":"format-standard","5":"has-post-thumbnail","7":"category-sports","8":"tag-football","9":"tag-fr","10":"tag-france","11":"tag-sports","12":"tag-tours","13":"tag-zinedine-zidane"},"share_on_mastodon":{"url":"https:\/\/pubeurope.com\/@fr\/115695130213066636","error":""},"_links":{"self":[{"href":"https:\/\/www.europesays.com\/fr\/wp-json\/wp\/v2\/posts\/590578","targetHints":{"allow":["GET"]}}],"collection":[{"href":"https:\/\/www.europesays.com\/fr\/wp-json\/wp\/v2\/posts"}],"about":[{"href":"https:\/\/www.europesays.com\/fr\/wp-json\/wp\/v2\/types\/post"}],"author":[{"embeddable":true,"href":"https:\/\/www.europesays.com\/fr\/wp-json\/wp\/v2\/users\/2"}],"replies":[{"embeddable":true,"href":"https:\/\/www.europesays.com\/fr\/wp-json\/wp\/v2\/comments?post=590578"}],"version-history":[{"count":0,"href":"https:\/\/www.europesays.com\/fr\/wp-json\/wp\/v2\/posts\/590578\/revisions"}],"wp:featuredmedia":[{"embeddable":true,"href":"https:\/\/www.europesays.com\/fr\/wp-json\/wp\/v2\/media\/590579"}],"wp:attachment":[{"href":"https:\/\/www.europesays.com\/fr\/wp-json\/wp\/v2\/media?parent=590578"}],"wp:term":[{"taxonomy":"category","embeddable":true,"href":"https:\/\/www.europesays.com\/fr\/wp-json\/wp\/v2\/categories?post=590578"},{"taxonomy":"post_tag","embeddable":true,"href":"https:\/\/www.europesays.com\/fr\/wp-json\/wp\/v2\/tags?post=590578"}],"curies":[{"name":"wp","href":"https:\/\/api.w.org\/{rel}","templated":true}]}}