{"id":59058,"date":"2025-04-28T10:58:18","date_gmt":"2025-04-28T10:58:18","guid":{"rendered":"https:\/\/www.europesays.com\/fr\/59058\/"},"modified":"2025-04-28T10:58:18","modified_gmt":"2025-04-28T10:58:18","slug":"lannonce-des-etats-unis-ouvre-la-porte-a-la-paix-en-rdc","status":"publish","type":"post","link":"https:\/\/www.europesays.com\/fr\/59058\/","title":{"rendered":"l\u2019annonce des \u00c9tats-Unis \u00ab ouvre la porte \u00e0 la paix \u00bb en RDC"},"content":{"rendered":"<p><img loading=\"lazy\" decoding=\"async\" width=\"696\" height=\"392\" class=\"entry-thumb\" src=\"https:\/\/www.europesays.com\/fr\/wp-content\/uploads\/2025\/04\/trump-696x392.jpg\"   alt=\"Donald Trump, Pr\u00e9sident des \u00c9tats-Unis\" title=\"trump\"\/>Donald Trump, Pr\u00e9sident des \u00c9tats-Unis<\/p>\n<p>Le Rwanda et la RDC ont sign\u00e9 une d\u00e9claration de principes, facilit\u00e9e par les \u00c9tats-Unis, visant \u00e0 instaurer une paix durable dans l\u2019Est de la RDC et la r\u00e9gion des Grands Lacs. Le ministre rwandais Olivier Nduhungirehe a soulign\u00e9 l\u2019importance de traiter les causes profondes du conflit, notamment la s\u00e9curit\u00e9, le retour des r\u00e9fugi\u00e9s et le d\u00e9veloppement \u00e9conomique r\u00e9gional par l\u2019investissement priv\u00e9.<\/p>\n<p>Des probl\u00e8mes continus qui alimentent le conflit dans l\u2019Est de la RDC<\/p>\n<p>La d\u00e9claration de principes sign\u00e9e \u00e0 Washington D.C. le vendredi 25 avril entre le Rwanda et la R\u00e9publique D\u00e9mocratique du Congo \u00ab ouvre la voie \u00bb \u00e0 un accord qui introduit une paix durable dans l\u2019Est de la RDC et dans la r\u00e9gion des Grands Lacs, a annonc\u00e9 le ministre rwandais des Affaires \u00e9trang\u00e8res et de la Coop\u00e9ration internationale, Olivier Nduhungirehe.<\/p>\n<p>L\u2019accord a \u00e9t\u00e9 sign\u00e9 par M. Nduhungirehe et son homologue congolaise, Th\u00e9r\u00e8se Kayikwamba Wagner, en pr\u00e9sence du secr\u00e9taire d\u2019\u00c9tat am\u00e9ricain Marco Rubio, lors d\u2019une c\u00e9r\u00e9monie. Nduhungirehe a d\u00e9clar\u00e9 que la signature de la d\u00e9claration de principes, facilit\u00e9e par les <a href=\"https:\/\/www.afrik.com\/etats-unis\" target=\"_blank\" rel=\"noopener\">\u00c9tats-Unis<\/a>, vise \u00e0 <a href=\"https:\/\/www.afrik.com\/le-rwanda-rejette-fermement-les-accusations-americaines-d-attaque-en-rdc\" target=\"_blank\" rel=\"noopener\">r\u00e9soudre les probl\u00e8mes continus<\/a> qui alimentent le conflit dans l\u2019Est de la RDC et affectent l\u2019ensemble de la r\u00e9gion. Il a toutefois averti que les \u00ab\u00a0raccourcis ou les solutions miracles\u00a0\u00bb ne mettraient pas fin \u00e0 une ins\u00e9curit\u00e9 vieille de plusieurs d\u00e9cennies.<\/p>\n<p>Inqui\u00e9tudes quant \u00e0 la collaboration de la RDC avec les FDLR<\/p>\n<p>\u00ab\u00a0Aujourd\u2019hui, nous parlons des v\u00e9ritables probl\u00e8mes, des causes profondes auxquelles il faut s\u2019attaquer pour parvenir \u00e0 une paix durable dans notre r\u00e9gion\u00a0\u00bb, a d\u00e9clar\u00e9 Nduhungirehe lors de la <a href=\"https:\/\/www.afrik.com\/rdc-vers-un-accord-minier-avec-les-etats-unis\" target=\"_blank\" rel=\"noopener\">signature<\/a>. \u00ab\u00a0Ces enjeux incluent, en premier lieu, la s\u00e9curit\u00e9 et le retour des r\u00e9fugi\u00e9s. De plus, et c\u2019est tr\u00e8s important, nous discutons de la mani\u00e8re de construire de nouvelles cha\u00eenes de valeur \u00e9conomiques r\u00e9gionales reliant nos pays, notamment gr\u00e2ce aux investissements du secteur priv\u00e9 am\u00e9ricain \u00bb.<\/p>\n<p>Le Rwanda exprime depuis des ann\u00e9es des inqui\u00e9tudes quant \u00e0 la collaboration de la RDC avec les FDLR, une milice sanctionn\u00e9e par les \u00c9tats-Unis et fond\u00e9e par les auteurs du g\u00e9nocide des Tutsis de 1994.<\/p>\n","protected":false},"excerpt":{"rendered":"Donald Trump, Pr\u00e9sident des \u00c9tats-Unis Le Rwanda et la RDC ont sign\u00e9 une d\u00e9claration de principes, facilit\u00e9e par&hellip;\n","protected":false},"author":2,"featured_media":59059,"comment_status":"","ping_status":"","sticky":false,"template":"","format":"standard","meta":{"footnotes":""},"categories":[1589],"tags":[11,2120,73,1866,12,4873,15568,1864,1865,1863,308],"class_list":{"0":"post-59058","1":"post","2":"type-post","3":"status-publish","4":"format-standard","5":"has-post-thumbnail","7":"category-etats-unis","8":"tag-actualites","9":"tag-conflit","10":"tag-etats-unis","11":"tag-etats-unis-damerique","12":"tag-news","13":"tag-rdc","14":"tag-rwanda","15":"tag-united-states","16":"tag-united-states-of-america","17":"tag-us","18":"tag-usa"},"share_on_mastodon":{"url":"https:\/\/pubeurope.com\/@fr\/114415239558830017","error":""},"_links":{"self":[{"href":"https:\/\/www.europesays.com\/fr\/wp-json\/wp\/v2\/posts\/59058","targetHints":{"allow":["GET"]}}],"collection":[{"href":"https:\/\/www.europesays.com\/fr\/wp-json\/wp\/v2\/posts"}],"about":[{"href":"https:\/\/www.europesays.com\/fr\/wp-json\/wp\/v2\/types\/post"}],"author":[{"embeddable":true,"href":"https:\/\/www.europesays.com\/fr\/wp-json\/wp\/v2\/users\/2"}],"replies":[{"embeddable":true,"href":"https:\/\/www.europesays.com\/fr\/wp-json\/wp\/v2\/comments?post=59058"}],"version-history":[{"count":0,"href":"https:\/\/www.europesays.com\/fr\/wp-json\/wp\/v2\/posts\/59058\/revisions"}],"wp:featuredmedia":[{"embeddable":true,"href":"https:\/\/www.europesays.com\/fr\/wp-json\/wp\/v2\/media\/59059"}],"wp:attachment":[{"href":"https:\/\/www.europesays.com\/fr\/wp-json\/wp\/v2\/media?parent=59058"}],"wp:term":[{"taxonomy":"category","embeddable":true,"href":"https:\/\/www.europesays.com\/fr\/wp-json\/wp\/v2\/categories?post=59058"},{"taxonomy":"post_tag","embeddable":true,"href":"https:\/\/www.europesays.com\/fr\/wp-json\/wp\/v2\/tags?post=59058"}],"curies":[{"name":"wp","href":"https:\/\/api.w.org\/{rel}","templated":true}]}}