{"id":590580,"date":"2025-12-10T11:52:13","date_gmt":"2025-12-10T11:52:13","guid":{"rendered":"https:\/\/www.europesays.com\/fr\/590580\/"},"modified":"2025-12-10T11:52:13","modified_gmt":"2025-12-10T11:52:13","slug":"un-manque-de-respect-total-le-president-de-miss-france-reagit-a-la-destitution-des-miss-provence-et-aquitaine","status":"publish","type":"post","link":"https:\/\/www.europesays.com\/fr\/590580\/","title":{"rendered":"\u00ab\u00a0Un manque de respect total\u00a0\u00bb\u2026 Le pr\u00e9sident de Miss France r\u00e9agit \u00e0 la destitution des Miss Provence et Aquitaine"},"content":{"rendered":"<p>Le sacre d\u2019<a href=\"https:\/\/www.20minutes.fr\/arts-stars\/television\/4190090-20251207-miss-france-2025-decouvrez-gagnante-classement-final-96eme-edition\" class=\"c-link c-link--is-underlined\" target=\"_blank\" rel=\"noopener\">Hinaupoko Dev\u00e8ze, Miss France 2026<\/a>, passerait presque inaper\u00e7u face au feuilleton de la <a href=\"https:\/\/www.20minutes.fr\/arts-stars\/people\/4190549-20251209-miss-france-2026-miss-provence-miss-aquitaine-destituees-apres-propos-injurieux-finalistes\" class=\"c-link c-link--is-underlined\" target=\"_blank\" rel=\"noopener\">destitution des deux Miss r\u00e9gionales accus\u00e9es d\u2019avoir tenu des propos injurieux<\/a>. Fr\u00e9d\u00e9ric Gilbert, le pr\u00e9sident de la soci\u00e9t\u00e9 <a href=\"https:\/\/www.20minutes.fr\/arts-stars\/television\/miss_france\/\" class=\"c-link c-link--is-underlined\" target=\"_blank\" rel=\"noopener\">Miss France<\/a>, le d\u00e9plore dans une longue interview accord\u00e9e au <a href=\"https:\/\/www.leparisien.fr\/culture-loisirs\/miss-france\/une-video-affligeante-le-president-des-miss-france-reagit-apres-les-destitutions-des-provence-et-aquitaine-09-12-2025-BG4MOHPIARHRXPS4OI6CPVU6CI.php\" target=\"_blank\" class=\"c-link c-link--is-underlined\" rel=\"noopener\">Parisien<\/a>, mardi 9\u00a0d\u00e9cembre 2025.<\/p>\n<\/p>\n<p>D\u00e9non\u00e7ant les propos \u00ab\u00a0quand m\u00eame assez violents\u00a0\u00bb de <a href=\"https:\/\/www.20minutes.fr\/diaporama\/diaporama-4184759-images-decouvrez-30-candidates-miss-france-2026\" class=\"c-link c-link--is-underlined\" target=\"_blank\" rel=\"noopener\">Miss Aquitaine et de Miss Provence<\/a> \u2013 qui, pour rappel, avaient, dans une vid\u00e9o, qualifi\u00e9 de \u00ab\u00a0grosses p*tes\u00a0\u00bb les concurrentes arriv\u00e9es en t\u00eate du concours de beaut\u00e9 \u2013, Fr\u00e9d\u00e9ric Gilbert ne d\u00e9col\u00e8re pas\u00a0: \u00ab\u00a0Qu\u2019on soit d\u00e9\u00e7ue [de ne pas \u00eatre dans le top 12], c\u2019est une chose, mais de l\u00e0 \u00e0 vouloir insulter tout le monde, je ne comprends pas\u00a0!\u00a0\u00bb<\/p>\n<p class=\"mb-m@xs text-l@xs\">En cliquant sur\u00ab J\u2019accepte \u00bb, vous acceptez le d\u00e9p\u00f4t de cookies par des services externes et aurez ainsi acc\u00e8s aux contenus de nos partenaires.<\/p>\n<p class=\"mb-xl@xs text-s@xs\">Plus d\u2019informations sur la page<a href=\"https:\/\/www.20minutes.fr\/gestion-cookies\" class=\"mx-xxs@xs color-ultramarine\" target=\"_blank\" rel=\"noopener\">Politique de gestion des cookies<\/a><\/p>\n<p>J\u2019accepteUne mise en garde vaine\u00a0?<\/p>\n<p>Le pr\u00e9sident de la soci\u00e9t\u00e9 Miss France confie ne pas comprendre l\u2019attitude des Miss destitu\u00e9es, \u00ab\u00a0d\u2019autant que cette ann\u00e9e, on a particuli\u00e8rement mis l\u2019accent sur le respect, la bienveillance \u00bb, pr\u00e9cise-t-il, ajoutant que les candidates <a href=\"https:\/\/www.20minutes.fr\/arts-stars\/television\/miss_france\/4187542-20251124-miss-france-2026-camille-cerf-bruce-toussaint-membres-jury\" class=\"c-link c-link--is-underlined\" target=\"_blank\" rel=\"noopener\">avaient \u00e9t\u00e9 \u00ab\u00a0brief\u00e9es\u00a0\u00bb<\/a> sur les r\u00e9seaux sociaux, \u00ab\u00a0qu\u2019il fallait faire attention \u00e0 ce qu\u2019on y mettait\u00a0\u00bb.<\/p>\n<p><a href=\"https:\/\/www.20minutes.fr\/arts-stars\/television\/miss_france\/\" class=\"c-link c-btn c-btn--primary\" target=\"_blank\" rel=\"noopener\">Notre dossier \u00ab Miss France \u00bb<\/a><\/p>\n<p>L\u2019ancienne directrice g\u00e9n\u00e9rale de la soci\u00e9t\u00e9 Miss France <a href=\"https:\/\/www.20minutes.fr\/dossier\/sylvie_tellier\" class=\"c-link c-link--is-underlined\" target=\"_blank\" rel=\"noopener\">Sylvie Tellier<\/a> a \u00e9galement r\u00e9agi \u00e0 ce \u00ab\u00a0scandale\u00a0\u00bb chez <a href=\"https:\/\/www.gala.fr\/l_actu\/news_de_stars\/frederic-gilbert-president-de-la-societe-miss-france-reagit-aux-destitutions-de-miss-provence-et-miss-aquitaine-c-est-triste-de-devoir-en-arriver-la-20251210\" target=\"_blank\" class=\"c-link c-link--is-underlined\" rel=\"noopener\">Gala<\/a>, justifiant la d\u00e9cision de destituer les deux Miss \u00ab\u00a0parce que le respect est une valeur fondamentale\u00a0\u00bb et que \u00ab\u00a0dans un concours comme dans le sport, il y a un cadre, une \u00e9thique, un esprit de fair-play \u00e0 respecter\u00a0\u00bb.<\/p>\n","protected":false},"excerpt":{"rendered":"Le sacre d\u2019Hinaupoko Dev\u00e8ze, Miss France 2026, passerait presque inaper\u00e7u face au feuilleton de la destitution des deux&hellip;\n","protected":false},"author":2,"featured_media":590581,"comment_status":"","ping_status":"","sticky":false,"template":"","format":"standard","meta":{"footnotes":""},"categories":[8],"tags":[50769,70395,58,59,1011,27,70396,27472,3034,973,4919,938,104,35787,252],"class_list":{"0":"post-590580","1":"post","2":"type-post","3":"status-publish","4":"format-standard","5":"has-post-thumbnail","7":"category-divertissement","8":"tag-concours-de-beaute","9":"tag-destitution","10":"tag-divertissement","11":"tag-entertainment","12":"tag-fr","13":"tag-france","14":"tag-hinaupoko-deveze","15":"tag-miss","16":"tag-miss-france","17":"tag-people","18":"tag-president","19":"tag-reseaux-sociaux","20":"tag-societe","21":"tag-sylvie-tellier","22":"tag-television"},"share_on_mastodon":{"url":"https:\/\/pubeurope.com\/@fr\/115695134173489575","error":""},"_links":{"self":[{"href":"https:\/\/www.europesays.com\/fr\/wp-json\/wp\/v2\/posts\/590580","targetHints":{"allow":["GET"]}}],"collection":[{"href":"https:\/\/www.europesays.com\/fr\/wp-json\/wp\/v2\/posts"}],"about":[{"href":"https:\/\/www.europesays.com\/fr\/wp-json\/wp\/v2\/types\/post"}],"author":[{"embeddable":true,"href":"https:\/\/www.europesays.com\/fr\/wp-json\/wp\/v2\/users\/2"}],"replies":[{"embeddable":true,"href":"https:\/\/www.europesays.com\/fr\/wp-json\/wp\/v2\/comments?post=590580"}],"version-history":[{"count":0,"href":"https:\/\/www.europesays.com\/fr\/wp-json\/wp\/v2\/posts\/590580\/revisions"}],"wp:featuredmedia":[{"embeddable":true,"href":"https:\/\/www.europesays.com\/fr\/wp-json\/wp\/v2\/media\/590581"}],"wp:attachment":[{"href":"https:\/\/www.europesays.com\/fr\/wp-json\/wp\/v2\/media?parent=590580"}],"wp:term":[{"taxonomy":"category","embeddable":true,"href":"https:\/\/www.europesays.com\/fr\/wp-json\/wp\/v2\/categories?post=590580"},{"taxonomy":"post_tag","embeddable":true,"href":"https:\/\/www.europesays.com\/fr\/wp-json\/wp\/v2\/tags?post=590580"}],"curies":[{"name":"wp","href":"https:\/\/api.w.org\/{rel}","templated":true}]}}