{"id":590586,"date":"2025-12-10T11:55:13","date_gmt":"2025-12-10T11:55:13","guid":{"rendered":"https:\/\/www.europesays.com\/fr\/590586\/"},"modified":"2025-12-10T11:55:13","modified_gmt":"2025-12-10T11:55:13","slug":"les-etats-unis-veulent-obliger-les-touristes-a-devoiler-leurs-activites-sur-les-reseaux-sociaux","status":"publish","type":"post","link":"https:\/\/www.europesays.com\/fr\/590586\/","title":{"rendered":"Les \u00c9tats-Unis veulent obliger les touristes \u00e0 d\u00e9voiler leurs activit\u00e9s sur les r\u00e9seaux sociaux"},"content":{"rendered":"<p>\n    Les autorit\u00e9s am\u00e9ricaines \u00e9tudient un durcissement des conditions d\u2019entr\u00e9e sur le territoire, qui pourrait concerner les Fran\u00e7ais voyageant sous le r\u00e9gime ESTA.<\/p>\n<p class=\"fig-paragraph\">Les voyageurs en partance pour les \u00c9tats-Unis pourraient bient\u00f4t devoir composer avec des contr\u00f4les d\u2019un nouveau genre. Selon le New York Times (9 d\u00e9cembre) et le Washington Post (10 d\u00e9cembre),\u00a0<a href=\"http:\/\/www.lefigaro.fr\/voyages\/dossier\/washington\" data-fig-type=\"Topic\" data-gtm-custom-categorie=\"navigation\" data-gtm-custom-action=\"crossclick\" data-gtm-custom-label=\"Contextuel\" data-gtm-event=\"customEventSPE\" data-fig-domain=\"LEFIGARO\" target=\"_blank\" rel=\"noopener\">Washington<\/a>\u00a0envisageait d\u00e9j\u00e0 d\u2019\u00e9tendre aux touristes l\u2019examen de leurs activit\u00e9s sur les r\u00e9seaux sociaux.<\/p>\n<p class=\"fig-paragraph\">La proposition a pris corps mercredi avec la publication d\u2019un avis au Federal Register, le Journal officiel am\u00e9ricain\u00a0: l\u2019administration Trump veut d\u00e9sormais exiger des visiteurs b\u00e9n\u00e9ficiant du programme d\u2019exemption de visa (ESTA) qu\u2019ils fournissent l\u2019historique de leurs comptes sur les r\u00e9seaux sociaux sur cinq ans.<\/p>\n<p>                                            <a class=\"fig-a11y-skip\" href=\"#fig-a11y-skip-main-inarticle\" data-module=\"a11y-skip\" data-context=\"was @visible\"><br \/>\n    Passer la publicit\u00e9<br \/>\n<\/a>            <\/p>\n<p>                                            Un dispositif \u00e9largi \u00e0 d\u2019autres donn\u00e9es personnelles<\/p>\n<p class=\"fig-paragraph\">Le texte, qui concerne notamment les ressortissants fran\u00e7ais, britanniques, allemands, isra\u00e9liens, japonais ou australiens, pourrait entrer en vigueur d\u2019ici soixante jours, sauf contestation en justice. Il pr\u00e9voit d\u2019ajouter les r\u00e9seaux sociaux \u00e0 la liste des donn\u00e9es obligatoires pour obtenir l\u2019<a href=\"http:\/\/www.lefigaro.fr\/voyages\/dossier\/etats-unis\" data-fig-type=\"Topic\" data-gtm-custom-categorie=\"navigation\" data-gtm-custom-action=\"crossclick\" data-gtm-custom-label=\"Contextuel\" data-gtm-event=\"customEventSPE\" data-fig-domain=\"LEFIGARO\" target=\"_blank\" rel=\"noopener\">autorisation ESTA<\/a>, mais pas seulement. U.S. Customs and Border Protection (CBP) souhaite \u00e9galement collecter les num\u00e9ros de t\u00e9l\u00e9phone utilis\u00e9s au cours des cinq derni\u00e8res ann\u00e9es, les adresses \u00e9lectroniques des dix derni\u00e8res ann\u00e9es, ainsi que des informations sur les membres de la famille \u2014 noms, dates et lieux de naissance, num\u00e9ros de t\u00e9l\u00e9phone ou adresses de r\u00e9sidence.<\/p>\n<p class=\"fig-body-link\">\n            \u00c0 lire aussi<br \/>\n        <a class=\"fig-body-link__link\" href=\"http:\/\/www.lefigaro.fr\/voyages\/conseils\/voyage-aux-etats-unis-la-photo-d-identite-est-desormais-requise-pour-les-demandes-d-esta-20250623\" data-fig-type=\"Article\" data-gtm-custom-categorie=\"navigation\" data-gtm-custom-action=\"crossclick\" data-gtm-custom-label=\"Contextuel\" data-gtm-event=\"customEventSPE\" data-fig-domain=\"LEFIGARO\" target=\"_blank\" rel=\"noopener\"><\/p>\n<p>        Voyage aux \u00c9tats-Unis\u00a0: votre demande d\u2019ESTA peut \u00eatre refus\u00e9e si vous oubliez ce document<br \/>\n    <\/a>\n<\/p>\n<p class=\"fig-paragraph\">Les d\u00e9fenseurs des libert\u00e9s publiques s\u2019inqui\u00e8tent du caract\u00e8re intrusif d\u2019une collecte aussi large de donn\u00e9es personnelles, tandis que les professionnels du tourisme redoutent un effet dissuasif. Cette proposition intervient alors que les \u00c9tats-Unis, le Canada et le Mexique s\u2019appr\u00eatent \u00e0 accueillir la Coupe du monde de football 2026, qui doit attirer des centaines de milliers de supporters. Elle s\u2019ajoute par ailleurs \u00e0 une s\u00e9rie de d\u00e9cisions r\u00e9centes qui ont pu refroidir les voyageurs \u00e9trangers\u00a0: \u00e0 la demande du pr\u00e9sident Trump,\u00a0<a href=\"http:\/\/www.lefigaro.fr\/voyages\/guides\/america-first-dans-les-parcs-nationaux-aussi-trump-va-faire-payer-plus-cher-les-etrangers-20250704\" data-fig-type=\"NewsFlash\" data-gtm-custom-categorie=\"navigation\" data-gtm-custom-action=\"crossclick\" data-gtm-custom-label=\"Contextuel\" data-gtm-event=\"customEventSPE\" data-fig-domain=\"LEFIGARO\" target=\"_blank\" rel=\"noopener\">Washington a relev\u00e9 le prix d\u2019entr\u00e9e des parcs nationaux pour les visiteurs internationaux<\/a>\u00a0afin de \u00ab donner la priorit\u00e9 aux Am\u00e9ricains\u00a0\u00bb.<\/p>\n<p class=\"fig-paragraph\">M\u00eame si les\u00a0<a href=\"http:\/\/www.lefigaro.fr\/voyages\/selection\/dossier\/selection-etats-unis\" data-fig-type=\"Topic\" rel=\"sponsored noopener\" data-gtm-custom-categorie=\"navigation\" data-gtm-custom-action=\"crossclick\" data-gtm-custom-label=\"Contextuel\" data-gtm-event=\"customEventSPE\" data-fig-domain=\"LEFIGARO\" target=\"_blank\">\u00c9tats-Unis<\/a>\u00a0restent l\u2019une des destinations long-courrier les plus fr\u00e9quent\u00e9es par les voyageurs fran\u00e7ais, avec plusieurs millions de visiteurs chaque ann\u00e9e, le secteur touristique am\u00e9ricain accuse un recul des arriv\u00e9es depuis plusieurs mois. L\u2019US Travel Association pr\u00e9voit une baisse de 6,3 % des visiteurs \u00e9trangers en 2025 par rapport \u00e0 2024, dans un contexte o\u00f9 la politique migratoire du pr\u00e9sident r\u00e9publicain suscite une vive inqui\u00e9tude parmi les professionnels du secteur.<\/p>\n<p class=\"fig-paragraph\"><strong>ET AUSSI &#8211; Face aux mesures de Trump, comment les \u00c9tats-Unis vont attirer de nouveaux voyageurs\u00a0?<\/strong><\/p>\n","protected":false},"excerpt":{"rendered":"Les autorit\u00e9s am\u00e9ricaines \u00e9tudient un durcissement des conditions d\u2019entr\u00e9e sur le territoire, qui pourrait concerner les Fran\u00e7ais voyageant&hellip;\n","protected":false},"author":2,"featured_media":590587,"comment_status":"","ping_status":"","sticky":false,"template":"","format":"standard","meta":{"footnotes":""},"categories":[5],"tags":[11,73,1011,27,14,12,938,602,28],"class_list":{"0":"post-590586","1":"post","2":"type-post","3":"status-publish","4":"format-standard","5":"has-post-thumbnail","7":"category-international","8":"tag-actualites","9":"tag-etats-unis","10":"tag-fr","11":"tag-france","12":"tag-international","13":"tag-news","14":"tag-reseaux-sociaux","15":"tag-tourisme","16":"tag-world"},"share_on_mastodon":{"url":"https:\/\/pubeurope.com\/@fr\/115695145827525861","error":""},"_links":{"self":[{"href":"https:\/\/www.europesays.com\/fr\/wp-json\/wp\/v2\/posts\/590586","targetHints":{"allow":["GET"]}}],"collection":[{"href":"https:\/\/www.europesays.com\/fr\/wp-json\/wp\/v2\/posts"}],"about":[{"href":"https:\/\/www.europesays.com\/fr\/wp-json\/wp\/v2\/types\/post"}],"author":[{"embeddable":true,"href":"https:\/\/www.europesays.com\/fr\/wp-json\/wp\/v2\/users\/2"}],"replies":[{"embeddable":true,"href":"https:\/\/www.europesays.com\/fr\/wp-json\/wp\/v2\/comments?post=590586"}],"version-history":[{"count":0,"href":"https:\/\/www.europesays.com\/fr\/wp-json\/wp\/v2\/posts\/590586\/revisions"}],"wp:featuredmedia":[{"embeddable":true,"href":"https:\/\/www.europesays.com\/fr\/wp-json\/wp\/v2\/media\/590587"}],"wp:attachment":[{"href":"https:\/\/www.europesays.com\/fr\/wp-json\/wp\/v2\/media?parent=590586"}],"wp:term":[{"taxonomy":"category","embeddable":true,"href":"https:\/\/www.europesays.com\/fr\/wp-json\/wp\/v2\/categories?post=590586"},{"taxonomy":"post_tag","embeddable":true,"href":"https:\/\/www.europesays.com\/fr\/wp-json\/wp\/v2\/tags?post=590586"}],"curies":[{"name":"wp","href":"https:\/\/api.w.org\/{rel}","templated":true}]}}