{"id":590588,"date":"2025-12-10T11:56:18","date_gmt":"2025-12-10T11:56:18","guid":{"rendered":"https:\/\/www.europesays.com\/fr\/590588\/"},"modified":"2025-12-10T11:56:18","modified_gmt":"2025-12-10T11:56:18","slug":"les-grands-parents-une-tante-et-un-oncle-a-nouveau-auditionnes-par-la-justice","status":"publish","type":"post","link":"https:\/\/www.europesays.com\/fr\/590588\/","title":{"rendered":"Les grands-parents, une tante et un oncle \u00e0 nouveau auditionn\u00e9s par la justice"},"content":{"rendered":"<p>Les deux juges d\u2019instruction ne les avaient plus auditionn\u00e9s depuis leur garde \u00e0 vue de mars dernier d\u2019o\u00f9 ils \u00e9taient ressortis sans charge. Mais c\u2019est libre qu\u2019ont \u00e9t\u00e9 entendus ce mardi \u00e0 <a href=\"https:\/\/www.20minutes.fr\/dossier\/aix-provence\" class=\"c-link c-link--is-underlined\" target=\"_blank\" rel=\"noopener\">Aix-en-Provence<\/a> une tante, un oncle et les grands-parents d\u2019<a href=\"https:\/\/www.20minutes.fr\/faits_divers\/disparition-emile\/\" class=\"c-link c-link--is-underlined\" target=\"_blank\" rel=\"noopener\">Emile<\/a>, <a href=\"https:\/\/www.bfmtv.com\/bfm-dici\/info-bfmtv-mort-d-emile-les-grands-parents-un-oncle-et-une-tante-auditionnes-par-les-juges-d-instruction_AN-202512090934.html\" target=\"_blank\" class=\"c-link c-link--is-underlined\" rel=\"noopener\">rapporte BFMTV<\/a>.<\/p>\n<p>Ces auditions d\u2019environ une heure chacune se sont d\u00e9roul\u00e9es en pr\u00e9sence des avocats alors que <a href=\"https:\/\/www.20minutes.fr\/faits_divers\/4184705-20251110-mort-emile-pourquoi-famille-retournee-vernet-premiere-depuis-garde-vue\" class=\"c-link c-link--is-underlined\" target=\"_blank\" rel=\"noopener\">la famille du petit Emile s\u2019est rendue au Haut-Vernet d\u00e9but novembre<\/a> &#8211; une premi\u00e8re depuis leur garde \u00e0 vue &#8211; explorer \u00ab\u00a0des endroits jusqu\u2019\u00e0 pr\u00e9sent ignor\u00e9s\u00a0\u00bb, notamment des granges et ruines situ\u00e9es pr\u00e8s du hameau entre l\u2019\u00e9glise Saint-Martin et le lieu de d\u00e9couverte des ossements, avait alors expliqu\u00e9 Isabelle Colombani, avocate du grand-p\u00e8re.<\/p>\n<\/p>\n<p>Les avocats avaient alors r\u00e9dig\u00e9 des demandes d\u2019actes compl\u00e9mentaires tandis qu\u2019ils pr\u00e9parent le d\u00e9p\u00f4t d\u2019un dossier cons\u00e9quent avec leurs \u00e9l\u00e9ments et observations. Les auditions de ce mardi se sont tenues dans ce cadre.<\/p>\n","protected":false},"excerpt":{"rendered":"Les deux juges d\u2019instruction ne les avaient plus auditionn\u00e9s depuis leur garde \u00e0 vue de mars dernier d\u2019o\u00f9&hellip;\n","protected":false},"author":2,"featured_media":590589,"comment_status":"","ping_status":"","sticky":false,"template":"","format":"standard","meta":{"footnotes":""},"categories":[4],"tags":[47,11,7404,1298,885,1067,118,1011,27,1297,12,883,882,959,25],"class_list":{"0":"post-590588","1":"post","2":"type-post","3":"status-publish","4":"format-standard","5":"has-post-thumbnail","7":"category-france","8":"tag-actualite","9":"tag-actualites","10":"tag-aix-en-provence","11":"tag-alpes-de-haute-provence","12":"tag-bouches-du-rhone","13":"tag-enquete","14":"tag-faits-divers","15":"tag-fr","16":"tag-france","17":"tag-mort-demile","18":"tag-news","19":"tag-paca","20":"tag-provence-alpes-cote-dazur","21":"tag-recherche","22":"tag-republique-francaise"},"share_on_mastodon":{"url":"https:\/\/pubeurope.com\/@fr\/115695149816349596","error":""},"_links":{"self":[{"href":"https:\/\/www.europesays.com\/fr\/wp-json\/wp\/v2\/posts\/590588","targetHints":{"allow":["GET"]}}],"collection":[{"href":"https:\/\/www.europesays.com\/fr\/wp-json\/wp\/v2\/posts"}],"about":[{"href":"https:\/\/www.europesays.com\/fr\/wp-json\/wp\/v2\/types\/post"}],"author":[{"embeddable":true,"href":"https:\/\/www.europesays.com\/fr\/wp-json\/wp\/v2\/users\/2"}],"replies":[{"embeddable":true,"href":"https:\/\/www.europesays.com\/fr\/wp-json\/wp\/v2\/comments?post=590588"}],"version-history":[{"count":0,"href":"https:\/\/www.europesays.com\/fr\/wp-json\/wp\/v2\/posts\/590588\/revisions"}],"wp:featuredmedia":[{"embeddable":true,"href":"https:\/\/www.europesays.com\/fr\/wp-json\/wp\/v2\/media\/590589"}],"wp:attachment":[{"href":"https:\/\/www.europesays.com\/fr\/wp-json\/wp\/v2\/media?parent=590588"}],"wp:term":[{"taxonomy":"category","embeddable":true,"href":"https:\/\/www.europesays.com\/fr\/wp-json\/wp\/v2\/categories?post=590588"},{"taxonomy":"post_tag","embeddable":true,"href":"https:\/\/www.europesays.com\/fr\/wp-json\/wp\/v2\/tags?post=590588"}],"curies":[{"name":"wp","href":"https:\/\/api.w.org\/{rel}","templated":true}]}}