{"id":590594,"date":"2025-12-10T11:59:13","date_gmt":"2025-12-10T11:59:13","guid":{"rendered":"https:\/\/www.europesays.com\/fr\/590594\/"},"modified":"2025-12-10T11:59:13","modified_gmt":"2025-12-10T11:59:13","slug":"saint-etienne-du-bois-un-vehicule-prend-feu-dans-un-garage","status":"publish","type":"post","link":"https:\/\/www.europesays.com\/fr\/590594\/","title":{"rendered":"Saint-Etienne-du-Bois. Un v\u00e9hicule prend feu dans un garage"},"content":{"rendered":"<p>Mardi 9\u00a0d\u00e9cembre, vers 17\u00a0h\u00a015, un v\u00e9hicule a pris feu dans un garage attenant \u00e0 une habitation, impasse du Tuvon, \u00e0 Saint-Etienne-du-Bois.<\/p>\n<p>L\u2019incendie s\u2019est rapidement propag\u00e9 \u00e0 une habitation de plain-pied d\u2019une surface d\u2019environ 120 m2 .<\/p>\n<p>Dix-huit sapeurs pompiers et cinq engins ont \u00e9t\u00e9 engag\u00e9s pour lutter contre le sinistre.<\/p>\n<p>Le feu a pu \u00eatre \u00e9teint au moyen de deux lances \u00e0 incendie.<\/p>\n<p>L\u2019incendie n\u2019a heureusement pas fait de victimes. Les occupants du logement, deux personnes \u00e2g\u00e9es, ont d\u00fb \u00eatre relog\u00e9s pour la nuit. Un dispositif de surveillance a \u00e9t\u00e9 mis en place pour \u00e9viter toute reprise du feu.<\/p>\n","protected":false},"excerpt":{"rendered":"Mardi 9\u00a0d\u00e9cembre, vers 17\u00a0h\u00a015, un v\u00e9hicule a pris feu dans un garage attenant \u00e0 une habitation, impasse du&hellip;\n","protected":false},"author":2,"featured_media":590595,"comment_status":"","ping_status":"","sticky":false,"template":"","format":"standard","meta":{"footnotes":""},"categories":[9653],"tags":[1111,11,2430,6751,1777,674,274,1011,27,1310,12,25,4001,47201,33289],"class_list":{"0":"post-590594","1":"post","2":"type-post","3":"status-publish","4":"format-standard","5":"has-post-thumbnail","7":"category-saint-etienne","8":"tag-actu","9":"tag-actualites","10":"tag-auvergne-rhone-alpes","11":"tag-edition-ain-ouest","12":"tag-eu","13":"tag-europe","14":"tag-faits-divers-justice","15":"tag-fr","16":"tag-france","17":"tag-incendie","18":"tag-news","19":"tag-republique-francaise","20":"tag-saint-etienne","21":"tag-saint-etienne-du-bois","22":"tag-val-revermont-bassin"},"share_on_mastodon":{"url":"https:\/\/pubeurope.com\/@fr\/115695161598642583","error":""},"_links":{"self":[{"href":"https:\/\/www.europesays.com\/fr\/wp-json\/wp\/v2\/posts\/590594","targetHints":{"allow":["GET"]}}],"collection":[{"href":"https:\/\/www.europesays.com\/fr\/wp-json\/wp\/v2\/posts"}],"about":[{"href":"https:\/\/www.europesays.com\/fr\/wp-json\/wp\/v2\/types\/post"}],"author":[{"embeddable":true,"href":"https:\/\/www.europesays.com\/fr\/wp-json\/wp\/v2\/users\/2"}],"replies":[{"embeddable":true,"href":"https:\/\/www.europesays.com\/fr\/wp-json\/wp\/v2\/comments?post=590594"}],"version-history":[{"count":0,"href":"https:\/\/www.europesays.com\/fr\/wp-json\/wp\/v2\/posts\/590594\/revisions"}],"wp:featuredmedia":[{"embeddable":true,"href":"https:\/\/www.europesays.com\/fr\/wp-json\/wp\/v2\/media\/590595"}],"wp:attachment":[{"href":"https:\/\/www.europesays.com\/fr\/wp-json\/wp\/v2\/media?parent=590594"}],"wp:term":[{"taxonomy":"category","embeddable":true,"href":"https:\/\/www.europesays.com\/fr\/wp-json\/wp\/v2\/categories?post=590594"},{"taxonomy":"post_tag","embeddable":true,"href":"https:\/\/www.europesays.com\/fr\/wp-json\/wp\/v2\/tags?post=590594"}],"curies":[{"name":"wp","href":"https:\/\/api.w.org\/{rel}","templated":true}]}}